{"id":2479,"date":"2024-03-03T22:43:23","date_gmt":"2024-03-03T21:43:23","guid":{"rendered":"https:\/\/tkv-hochfranken.de\/?p=2479"},"modified":"2024-03-03T23:59:22","modified_gmt":"2024-03-03T22:59:22","slug":"gitarrenkunst-aus-peru-gonzalo-manrique-vallier-in-hof","status":"publish","type":"post","link":"https:\/\/tkv-hochfranken.de\/index.php\/2024\/03\/03\/gitarrenkunst-aus-peru-gonzalo-manrique-vallier-in-hof\/","title":{"rendered":"Gitarrenkunst aus Peru: Gonzalo Manrique Vallier in Hof"},"content":{"rendered":"\n<figure class=\"wp-block-image size-large\"><img fetchpriority=\"high\" decoding=\"async\" width=\"683\" height=\"1024\" src=\"https:\/\/tkv-hochfranken.de\/wp-content\/uploads\/2024\/03\/Gonzalo3-683x1024.jpg\" alt=\"\" class=\"wp-image-2483\" srcset=\"https:\/\/tkv-hochfranken.de\/wp-content\/uploads\/2024\/03\/Gonzalo3-683x1024.jpg 683w, https:\/\/tkv-hochfranken.de\/wp-content\/uploads\/2024\/03\/Gonzalo3-200x300.jpg 200w, https:\/\/tkv-hochfranken.de\/wp-content\/uploads\/2024\/03\/Gonzalo3-768x1152.jpg 768w, https:\/\/tkv-hochfranken.de\/wp-content\/uploads\/2024\/03\/Gonzalo3.jpg 1014w\" sizes=\"(max-width: 683px) 100vw, 683px\" \/><figcaption class=\"wp-element-caption\">Gonzalo Manrique Vallier (Foto: Musikschule &#8222;Freunde der Gitarre&#8220;)<\/figcaption><\/figure>\n\n\n\n<p>Die Musikschule <strong>&#8222;Freunde der Gitarre&#8220;<\/strong> pr\u00e4sentiert ein weiteres <strong>\u201eGitarrenhighlight\u201c<\/strong>! Das 2. Konzert 2024 und das 8. Konzert der 2023 wiederbelebten internationalen Gitarrenkonzertreihe unter der Leitung von <strong>Dietmar Ungerank<\/strong> bringt den Peruaner <strong>Gonzalo Manrique Vallier <\/strong>nach Hof! In der Freikirche der Siebenten-Tags-Adventisten (Lessingstra\u00dfe 30) in Hof erklingt 17:00 Uhr das n\u00e4chste Highlight &#8211; herzliche Einladung!<\/p>\n\n\n\n<p>Gonzalo Manrique Vallier ist ein vielseitiger Gitarrist aus Peru mit internationaler Erfahrung sowohl als Solist als auch in kammermusikalischen Besetzungen. Sein stilistisches Spektrum umfasst neben dem Repertoire f\u00fcr klassische Gitarre auch die Interpretation historischer Zupfinstrumente (Romantische Gitarre und Barockgitarre) und die Popularmusik. Nach Abschluss seines Konzertfachstudiums am peruanischen National Konservatorium setzte er seine Studien in Madrid und Wien fort. An der mdw-Universit\u00e4t f\u00fcr<br>Musik und darstellende Kunst Wien schloss er die Studien Instrumentalp\u00e4dagogik und Konzertfach bei Brigitte Zaczek mit Auszeichnung ab. Seine Konzertt\u00e4tigkeit f\u00fchrte ihn in die USA, Kolumbien, Peru und<br>zehn europ\u00e4ische L\u00e4nder, wo er in S\u00e4len wie Musikverein und Konzerthaus (Wien), Helmut List Halle (Graz), Teatro Mayor (Bogota), Kravis Center (Miami), Bol\u00edvar Hall (London) und Auditorio Nacional (Madrid) spielte. Er ist Mitglied des Ensembles Spirituosi, welches 2018 bei den Global Music Awards mit der Gold Medal f\u00fcr die CD Souvenir Latino ausgezeichnet wurde. Regelm\u00e4\u00dfig spielt er in Europa in<br>verschiedenen Projekten lateinamerikanischer Musik. Seit 2015 unterrichtet er akustische Gitarre am Institut f\u00fcr Popularmusik der mdw und wurde er ebenda im M\u00e4rz 2019 nach erfolgreichem Hearing zum Senior Lecturer ernannt. Seit Oktober 2019 ist er zus\u00e4tzlich als Lehrer f\u00fcr klassische Gitarre am Josef Hellmesberger Institut f\u00fcr Streichinstrumente, Gitarre und Harfe in der Musikp\u00e4dagogik der mdw t\u00e4tig.<\/p>\n\n\n\n<figure class=\"wp-block-image size-large\"><img decoding=\"async\" width=\"673\" height=\"1024\" src=\"https:\/\/tkv-hochfranken.de\/wp-content\/uploads\/2024\/03\/Gonzalo2-673x1024.jpg\" alt=\"\" class=\"wp-image-2482\" srcset=\"https:\/\/tkv-hochfranken.de\/wp-content\/uploads\/2024\/03\/Gonzalo2-673x1024.jpg 673w, https:\/\/tkv-hochfranken.de\/wp-content\/uploads\/2024\/03\/Gonzalo2-197x300.jpg 197w, https:\/\/tkv-hochfranken.de\/wp-content\/uploads\/2024\/03\/Gonzalo2-768x1169.jpg 768w, https:\/\/tkv-hochfranken.de\/wp-content\/uploads\/2024\/03\/Gonzalo2-1009x1536.jpg 1009w, https:\/\/tkv-hochfranken.de\/wp-content\/uploads\/2024\/03\/Gonzalo2.jpg 1145w\" sizes=\"(max-width: 673px) 100vw, 673px\" \/><figcaption class=\"wp-element-caption\">Gonzalo Manrique Vallier (Foto: Musikschule &#8222;Freunde der Gitarre&#8220;)<\/figcaption><\/figure>\n\n\n\n<p>N\u00e4chstes Gitarrenhighlight: Am Sonntag, dem 5. Mai 2024 um 17.00 Uhr kommt das<br><strong>GITARRENDUO M\u00fcllerFunes<\/strong> aus \u00d6sterreich \/ Argentinien nach Hof! Nicht verpassen!<\/p>\n<h3>Related Images:<\/h3>","protected":false},"excerpt":{"rendered":"<p>Gonzalo Manrique Vallier (Foto: Musikschule &#8222;Freunde der Gitarre&#8220;) Die Musikschule &#8222;Freunde der Gitarre&#8220; pr\u00e4sentiert ein weiteres \u201eGitarrenhighlight\u201c! Das 2. Konzert 2024 und das 8. Konzert der 2023 wiederbelebten internationalen Gitarrenkonzertreihe unter der Leitung von Dietmar Ungerank bringt den Peruaner Gonzalo Manrique Vallier nach Hof! In der Freikirche der Siebenten-Tags-Adventisten (Lessingstra\u00dfe 30) in Hof erklingt 17:00&#8230; <\/p>\n<div class=\"read-more navbutton\"><a href=\"https:\/\/tkv-hochfranken.de\/index.php\/2024\/03\/03\/gitarrenkunst-aus-peru-gonzalo-manrique-vallier-in-hof\/\">Read More<i class=\"fa fa-angle-double-right\"><\/i><\/a><\/div>\n","protected":false},"author":1,"featured_media":0,"comment_status":"closed","ping_status":"","sticky":false,"template":"","format":"standard","meta":{"ngg_post_thumbnail":0,"footnotes":""},"categories":[1],"tags":[],"class_list":["post-2479","post","type-post","status-publish","format-standard","hentry","category-allgemein"],"_links":{"self":[{"href":"https:\/\/tkv-hochfranken.de\/index.php\/wp-json\/wp\/v2\/posts\/2479","targetHints":{"allow":["GET"]}}],"collection":[{"href":"https:\/\/tkv-hochfranken.de\/index.php\/wp-json\/wp\/v2\/posts"}],"about":[{"href":"https:\/\/tkv-hochfranken.de\/index.php\/wp-json\/wp\/v2\/types\/post"}],"author":[{"embeddable":true,"href":"https:\/\/tkv-hochfranken.de\/index.php\/wp-json\/wp\/v2\/users\/1"}],"replies":[{"embeddable":true,"href":"https:\/\/tkv-hochfranken.de\/index.php\/wp-json\/wp\/v2\/comments?post=2479"}],"version-history":[{"count":3,"href":"https:\/\/tkv-hochfranken.de\/index.php\/wp-json\/wp\/v2\/posts\/2479\/revisions"}],"predecessor-version":[{"id":2506,"href":"https:\/\/tkv-hochfranken.de\/index.php\/wp-json\/wp\/v2\/posts\/2479\/revisions\/2506"}],"wp:attachment":[{"href":"https:\/\/tkv-hochfranken.de\/index.php\/wp-json\/wp\/v2\/media?parent=2479"}],"wp:term":[{"taxonomy":"category","embeddable":true,"href":"https:\/\/tkv-hochfranken.de\/index.php\/wp-json\/wp\/v2\/categories?post=2479"},{"taxonomy":"post_tag","embeddable":true,"href":"https:\/\/tkv-hochfranken.de\/index.php\/wp-json\/wp\/v2\/tags?post=2479"}],"curies":[{"name":"wp","href":"https:\/\/api.w.org\/{rel}","templated":true}]}}