{"id":2514,"date":"2024-03-26T22:45:56","date_gmt":"2024-03-26T21:45:56","guid":{"rendered":"https:\/\/tkv-hochfranken.de\/?p=2514"},"modified":"2024-03-26T23:08:35","modified_gmt":"2024-03-26T22:08:35","slug":"zum-konzert-vom-peruanischen-gitarristen-gonzalo-manrique-vallier-in-hof","status":"publish","type":"post","link":"https:\/\/tkv-hochfranken.de\/index.php\/2024\/03\/26\/zum-konzert-vom-peruanischen-gitarristen-gonzalo-manrique-vallier-in-hof\/","title":{"rendered":"Zum Konzert vom peruanischen Gitarristen Gonzalo Manrique Vallier in Hof"},"content":{"rendered":"\n<figure class=\"wp-block-image size-large\"><img fetchpriority=\"high\" decoding=\"async\" width=\"1024\" height=\"829\" src=\"https:\/\/tkv-hochfranken.de\/wp-content\/uploads\/2024\/03\/03-1024x829.jpg\" alt=\"\" class=\"wp-image-2519\" srcset=\"https:\/\/tkv-hochfranken.de\/wp-content\/uploads\/2024\/03\/03-1024x829.jpg 1024w, https:\/\/tkv-hochfranken.de\/wp-content\/uploads\/2024\/03\/03-300x243.jpg 300w, https:\/\/tkv-hochfranken.de\/wp-content\/uploads\/2024\/03\/03-768x622.jpg 768w, https:\/\/tkv-hochfranken.de\/wp-content\/uploads\/2024\/03\/03-1536x1243.jpg 1536w, https:\/\/tkv-hochfranken.de\/wp-content\/uploads\/2024\/03\/03-2048x1658.jpg 2048w\" sizes=\"(max-width: 1024px) 100vw, 1024px\" \/><figcaption class=\"wp-element-caption\">Gonzalo Manrique Vallier bei seinem Konzert (links) und mit dem Organisator und Leiter der Musikschule &#8222;Freunde der Gitarre&#8220; Dietmar Ungerank nach seinem Konzert in Hof (Fotos: Freunde der Gitarre)<\/figcaption><\/figure>\n\n\n\n<p>So etwas h\u00f6rt und sieht man nicht alle Tage. Eine fast 200-j\u00e4hrige Gitarre mit acht statt der \u00fcblichen sechs Saiten. Zwei davon au\u00dferhalb des Griffbretts als freischwingende Bass-Saiten, die dem Instrument nochmals eine zus\u00e4tzliche Dimension in der Tiefe verleihen. Damit bekamen die Werke der ersten beiden Komponisten Bach und Chopin eine \u00dcberzeugungskraft, die das Publikum vom ersten Ton an in ihren Bann zog. Eine Cellosuite von Bach, ein Nocturne und ein Walzer von Chopin, allesamt Bearbeitungen des Interpreten, hielten m\u00fchelos dem Vergleich mit der jeweiligen Originalversion stand.<\/p>\n\n\n\n<p>Die durchdachte und schl\u00fcssige Programmgestaltung setzte sich&nbsp; in der zweiten H\u00e4lfte des Konzertes fort. Hier konnte man nur staunen, wie gut sich ein altes Instrument f\u00fcr Werke des 20. und 21. Jahrhunderts eignet.<\/p>\n\n\n\n<p>Anibal Augusto Sardhina, genannt &#8222;Garoto, Schelm&#8220; 1915-1955 hat mit Chopin gemeinsam, da\u00df auch er nur 39 Jahre alt wurde und ebenso komplexe und sensible Musik schrieb &#8211; mit so fantasievollen Titeln wie &#8222;Improviso&#8220;, &#8222;Jorge da fusa&#8220; (ein unglaublich wirbelndes, virtuoses St\u00fcck); gefolgt von &#8222;Inspirato&#8220;, das h\u00e4lt, was der Titel verspricht, und abschlie\u00dfend eine Klage der Armen, die in kleinen H\u00e4usern in h\u00fcgeligem Land wohnen &#8211; &#8222;Lamentos do morro&#8220;.<\/p>\n\n\n\n<p>Mohn steht in der Blumensprache f\u00fcr Schlaf, Traum, Tod. Dietmar Ungerank, geb. 1950, zeigt in der Sammlung &#8222;Mohnbl\u00fctenbl\u00e4tter&#8220; mit den S\u00e4tzen &#8222;Slentando&#8220;, &#8222;Valse triste&#8220;, &#8222;Largo&#8220; und &#8222;Moderato&#8220;, dass es m\u00f6glich ist, musikalische Deutungen zu schaffen, die weder zu sentimental, noch zu erschreckend sind, sondern zukunftsvertrauend und gelassen in einen guten Abend m\u00fcnden.<\/p>\n\n\n\n<p>Gonzalo Manrique Vallier bedankte sich mit drei Zugaben bei seinem zahlreich erschienenen, begeisterten Publikum! &#8211; Monika Sobotta<\/p>\n<h3>Related Images:<\/h3>","protected":false},"excerpt":{"rendered":"<p>Gonzalo Manrique Vallier bei seinem Konzert (links) und mit dem Organisator und Leiter der Musikschule &#8222;Freunde der Gitarre&#8220; Dietmar Ungerank nach seinem Konzert in Hof (Fotos: Freunde der Gitarre) So etwas h\u00f6rt und sieht man nicht alle Tage. Eine fast 200-j\u00e4hrige Gitarre mit acht statt der \u00fcblichen sechs Saiten. Zwei davon au\u00dferhalb des Griffbretts als&#8230; <\/p>\n<div class=\"read-more navbutton\"><a href=\"https:\/\/tkv-hochfranken.de\/index.php\/2024\/03\/26\/zum-konzert-vom-peruanischen-gitarristen-gonzalo-manrique-vallier-in-hof\/\">Read More<i class=\"fa fa-angle-double-right\"><\/i><\/a><\/div>\n","protected":false},"author":1,"featured_media":0,"comment_status":"closed","ping_status":"","sticky":false,"template":"","format":"standard","meta":{"ngg_post_thumbnail":0,"footnotes":""},"categories":[1],"tags":[],"class_list":["post-2514","post","type-post","status-publish","format-standard","hentry","category-allgemein"],"_links":{"self":[{"href":"https:\/\/tkv-hochfranken.de\/index.php\/wp-json\/wp\/v2\/posts\/2514","targetHints":{"allow":["GET"]}}],"collection":[{"href":"https:\/\/tkv-hochfranken.de\/index.php\/wp-json\/wp\/v2\/posts"}],"about":[{"href":"https:\/\/tkv-hochfranken.de\/index.php\/wp-json\/wp\/v2\/types\/post"}],"author":[{"embeddable":true,"href":"https:\/\/tkv-hochfranken.de\/index.php\/wp-json\/wp\/v2\/users\/1"}],"replies":[{"embeddable":true,"href":"https:\/\/tkv-hochfranken.de\/index.php\/wp-json\/wp\/v2\/comments?post=2514"}],"version-history":[{"count":4,"href":"https:\/\/tkv-hochfranken.de\/index.php\/wp-json\/wp\/v2\/posts\/2514\/revisions"}],"predecessor-version":[{"id":2521,"href":"https:\/\/tkv-hochfranken.de\/index.php\/wp-json\/wp\/v2\/posts\/2514\/revisions\/2521"}],"wp:attachment":[{"href":"https:\/\/tkv-hochfranken.de\/index.php\/wp-json\/wp\/v2\/media?parent=2514"}],"wp:term":[{"taxonomy":"category","embeddable":true,"href":"https:\/\/tkv-hochfranken.de\/index.php\/wp-json\/wp\/v2\/categories?post=2514"},{"taxonomy":"post_tag","embeddable":true,"href":"https:\/\/tkv-hochfranken.de\/index.php\/wp-json\/wp\/v2\/tags?post=2514"}],"curies":[{"name":"wp","href":"https:\/\/api.w.org\/{rel}","templated":true}]}}