{"id":2525,"date":"2024-03-27T22:19:33","date_gmt":"2024-03-27T21:19:33","guid":{"rendered":"https:\/\/tkv-hochfranken.de\/?p=2525"},"modified":"2024-03-27T22:20:50","modified_gmt":"2024-03-27T21:20:50","slug":"gefeiertes-trio-liberme-kommt-erneut-nach-hof","status":"publish","type":"post","link":"https:\/\/tkv-hochfranken.de\/index.php\/2024\/03\/27\/gefeiertes-trio-liberme-kommt-erneut-nach-hof\/","title":{"rendered":"Gefeiertes &#8222;Trio Liberm\u00e9&#8220; kommt erneut nach Hof"},"content":{"rendered":"\n<figure class=\"wp-block-image size-large\"><img fetchpriority=\"high\" decoding=\"async\" width=\"1024\" height=\"884\" src=\"https:\/\/tkv-hochfranken.de\/wp-content\/uploads\/2024\/03\/04-1024x884.jpg\" alt=\"\" class=\"wp-image-2527\" srcset=\"https:\/\/tkv-hochfranken.de\/wp-content\/uploads\/2024\/03\/04-1024x884.jpg 1024w, https:\/\/tkv-hochfranken.de\/wp-content\/uploads\/2024\/03\/04-300x259.jpg 300w, https:\/\/tkv-hochfranken.de\/wp-content\/uploads\/2024\/03\/04-768x663.jpg 768w, https:\/\/tkv-hochfranken.de\/wp-content\/uploads\/2024\/03\/04-1536x1326.jpg 1536w, https:\/\/tkv-hochfranken.de\/wp-content\/uploads\/2024\/03\/04.jpg 1546w\" sizes=\"(max-width: 1024px) 100vw, 1024px\" \/><figcaption class=\"wp-element-caption\">Das &#8222;Trio Liberm\u00e9&#8220; 2023 in Hof (Foto: TKV Hochfranken)<\/figcaption><\/figure>\n\n\n\n<p>Mit dem <strong>TRIO LIBERM\u00c9<\/strong> kommt wiederholt ein Ensemble nach Hochfranken, dessen Spieler international bekannt sind. Die Musiker des Trios trafen sich 2018 auf Schloss Liberm\u00e9 in Belgien, um ein Konzert zu spielen. Nach diesem Konzert beschlossen sie, ihren Weg gemeinsam fortzusetzen. <strong>Anthea Kreston<\/strong> war Geigerin im Artemis Quartett und spielte auf den wichtigsten B\u00fchnen der Welt, darunter Carnegie Hall (New York).&nbsp; Sie war Professorin an der Universit\u00e4t der K\u00fcnste Berlin und gab Masterclasses an der Queen Elizabeth Music Chapel in Br\u00fcssel. Zur Zeit lehrt sie am Curtis Institute of Music Philadelphia. Der Cellist <strong>Jason Duckles<\/strong> stammt aus Vancouver, Kanada. Er ist ein engagierter Kammermusiker und Gr\u00fcndungsmitglied des Amelia Piano Trio, das ausgiebig in den Vereinigten Staaten und im Ausland konzertierte. Er wurde mit einem seiner Ensembles eingeladen, in der Er\u00f6ffnungswoche der Hamburger Elbphilharmonie aufzutreten und beim M\u00fcnchner ARD-Wettbewerb ausgezeichnet. Er reiste mit dem Silk Road Project des Star-Cellisten YoYo Ma zu Konzerten von New York bis Kasachstan. Konzerte f\u00fchrten <strong>Frank-Immo Zichner<\/strong> als Pianist und Kammermusiker in \u00fcber 40 L\u00e4nder Europas, S\u00fcdostasiens, Mittel- und S\u00fcdamerikas, nach Japan und zu Festivals wie dem Schleswig-Holstein Musikfestival, den Berliner Festwochen, der Biennale Berlin, dem Bad Kissinger Musiksommer, dem Moskauer Herbst u.v.a.m.. Als Solist musizierte er mit dem Deutschen Symphonie-Orchester Berlin (DSO), dem Konzerthausorchester, dem Rundfunk-Sinfonie Orchester Berlin (RSB) u.a.. F\u00fcr einige seiner zahlreichen CD-Einspielungen wurde Frank-Immo Zichner mit dem Preis der Deutschen Schallplattenkritik, dem Supersonic Award und dem Diapason D\u00e9couverte ausgezeichnet. Frank-Immo Zichner gr\u00fcndete an der UdK das Kammermusikzentrum. Er ist zum dritten Male in Hof zu erleben, wobei er zum zweiten Mal mit dem Trio Liberm\u00e9 auftritt. Dieses Mal spielt das Ensemble ein tschechisches Programm mit Werken von Smetana, Suk und Dvorak. Zu h\u00f6ren sind die drei Ausnahmemusiker am 7. April 2024 um 18:00 Uhr in der KlangManufaktur (Kulmbacher Stra\u00dfe 1) in Hof. Finanziert wird das Event vom Tonk\u00fcnstlerverband Hochfranken e.V.. Der Eintritt ist daher frei, um Spenden wird aber gebeten.<\/p>\n<h3>Related Images:<\/h3>","protected":false},"excerpt":{"rendered":"<p>Das &#8222;Trio Liberm\u00e9&#8220; 2023 in Hof (Foto: TKV Hochfranken) Mit dem TRIO LIBERM\u00c9 kommt wiederholt ein Ensemble nach Hochfranken, dessen Spieler international bekannt sind. Die Musiker des Trios trafen sich 2018 auf Schloss Liberm\u00e9 in Belgien, um ein Konzert zu spielen. Nach diesem Konzert beschlossen sie, ihren Weg gemeinsam fortzusetzen. Anthea Kreston war Geigerin im&#8230; <\/p>\n<div class=\"read-more navbutton\"><a href=\"https:\/\/tkv-hochfranken.de\/index.php\/2024\/03\/27\/gefeiertes-trio-liberme-kommt-erneut-nach-hof\/\">Read More<i class=\"fa fa-angle-double-right\"><\/i><\/a><\/div>\n","protected":false},"author":1,"featured_media":0,"comment_status":"closed","ping_status":"","sticky":false,"template":"","format":"standard","meta":{"ngg_post_thumbnail":0,"footnotes":""},"categories":[1],"tags":[],"class_list":["post-2525","post","type-post","status-publish","format-standard","hentry","category-allgemein"],"_links":{"self":[{"href":"https:\/\/tkv-hochfranken.de\/index.php\/wp-json\/wp\/v2\/posts\/2525","targetHints":{"allow":["GET"]}}],"collection":[{"href":"https:\/\/tkv-hochfranken.de\/index.php\/wp-json\/wp\/v2\/posts"}],"about":[{"href":"https:\/\/tkv-hochfranken.de\/index.php\/wp-json\/wp\/v2\/types\/post"}],"author":[{"embeddable":true,"href":"https:\/\/tkv-hochfranken.de\/index.php\/wp-json\/wp\/v2\/users\/1"}],"replies":[{"embeddable":true,"href":"https:\/\/tkv-hochfranken.de\/index.php\/wp-json\/wp\/v2\/comments?post=2525"}],"version-history":[{"count":2,"href":"https:\/\/tkv-hochfranken.de\/index.php\/wp-json\/wp\/v2\/posts\/2525\/revisions"}],"predecessor-version":[{"id":2528,"href":"https:\/\/tkv-hochfranken.de\/index.php\/wp-json\/wp\/v2\/posts\/2525\/revisions\/2528"}],"wp:attachment":[{"href":"https:\/\/tkv-hochfranken.de\/index.php\/wp-json\/wp\/v2\/media?parent=2525"}],"wp:term":[{"taxonomy":"category","embeddable":true,"href":"https:\/\/tkv-hochfranken.de\/index.php\/wp-json\/wp\/v2\/categories?post=2525"},{"taxonomy":"post_tag","embeddable":true,"href":"https:\/\/tkv-hochfranken.de\/index.php\/wp-json\/wp\/v2\/tags?post=2525"}],"curies":[{"name":"wp","href":"https:\/\/api.w.org\/{rel}","templated":true}]}}