{"id":2532,"date":"2024-03-28T16:07:05","date_gmt":"2024-03-28T15:07:05","guid":{"rendered":"https:\/\/tkv-hochfranken.de\/?p=2532"},"modified":"2024-04-14T17:58:17","modified_gmt":"2024-04-14T15:58:17","slug":"austauschkonzerte-mit-andalusien","status":"publish","type":"post","link":"https:\/\/tkv-hochfranken.de\/index.php\/2024\/03\/28\/austauschkonzerte-mit-andalusien\/","title":{"rendered":"Austauschkonzerte mit Andalusien"},"content":{"rendered":"\n<figure class=\"wp-block-image size-large\"><img fetchpriority=\"high\" decoding=\"async\" width=\"1024\" height=\"782\" src=\"https:\/\/tkv-hochfranken.de\/wp-content\/uploads\/2024\/03\/Spanien-1024x782.jpg\" alt=\"\" class=\"wp-image-2529\" srcset=\"https:\/\/tkv-hochfranken.de\/wp-content\/uploads\/2024\/03\/Spanien-1024x782.jpg 1024w, https:\/\/tkv-hochfranken.de\/wp-content\/uploads\/2024\/03\/Spanien-300x229.jpg 300w, https:\/\/tkv-hochfranken.de\/wp-content\/uploads\/2024\/03\/Spanien-768x587.jpg 768w, https:\/\/tkv-hochfranken.de\/wp-content\/uploads\/2024\/03\/Spanien-1536x1173.jpg 1536w, https:\/\/tkv-hochfranken.de\/wp-content\/uploads\/2024\/03\/Spanien-2048x1564.jpg 2048w\" sizes=\"(max-width: 1024px) 100vw, 1024px\" \/><figcaption class=\"wp-element-caption\">Olena Kokidko &amp; Markus Jung (Foto: Katerina Danilova) \/ \u00c1ngel Hortas (Foto: Jes\u00fas Salido)<\/figcaption><\/figure>\n\n\n\n<p>Zwei hochfr\u00e4nkische Verbandsmitglieder &#8211; <strong>Olena Kokidko<\/strong> (Orgel, Klavier) und <strong>Markus Jung<\/strong> (Violoncello) sind Teil von zweimal zwei Austauschkonzerten mit Andalusien. Von dort kommt <strong>\u00c1ngel Hortas<\/strong> (Orgel) nach Deutschland und spielt in Hof und in Hofs Partnerstadt Plauen im Vogtland ebenfalls zwei Konzerte. Hortas kommt im Juli, w\u00e4hrend Kokidko und Jung im April ion Spanien gastieren (Alcal\u00e1 de Los Gazules und Jerez). Hier die \u00dcbersicht zu den insgesamt vier Konzerten:<\/p>\n\n\n\n<hr class=\"wp-block-separator has-alpha-channel-opacity\"\/>\n\n\n\n<p><strong>Freitag, 05. April 2024, 20:00 Uhr<\/strong><\/p>\n\n\n\n<p>Erstes internationales Austauschkonzert 2024 des TKV Hochfranken mit Andalusien: Markus Jung (Violoncello) und Olena Kokidko (Orgel) spielen in Spanien innerhalb des &#8222;IV Ciclo Internacional de \u00d3rgano&#8220; in Jerez! Im Gegenzug daf\u00fcr kommt der Organist \u00c1ngel Hortas nach Hof und Plauen im Vogtland.<\/p>\n\n\n\n<p><br>Parroquia de San Dionisio, Jerez de la Frontera<\/p>\n\n\n\n<hr class=\"wp-block-separator has-alpha-channel-opacity\"\/>\n\n\n\n<p><strong>Samstag, 06. April 2024, 20:00 Uhr<\/strong><\/p>\n\n\n\n<p>Zweites internationales Austauschkonzert 2024 des TKV Hochfranken mit Andalusien: Markus Jung (Violoncello) und Olena Kokidko (Orgel) spielen in Spanien innerhalb des &#8222;III Ciclo Internacional de \u00d3rgano&#8220; in Alcal\u00e1 de Los Gazules! Im Gegenzug daf\u00fcr kommt der Organist \u00c1ngel Hortas nach Hof und Plauen im Vogtland.<\/p>\n\n\n\n<p><br>Iglesia Parroquial de San Jorge, Alcal\u00e1 de Los Gazules<\/p>\n\n\n\n<hr class=\"wp-block-separator has-alpha-channel-opacity\"\/>\n\n\n\n<p><strong>Donnerstag, 04. Juli 2024, 12:05 Uhr<\/strong><\/p>\n\n\n\n<p>Drittes internationales Austauschkonzert 2024 des TKV Hochfranken mit Andalusien: <strong>\u00c1ngel Hortas<\/strong> (Orgel) spielt in <strong>Plauen im Vogtland<\/strong> eine &#8218;<strong>Mittagsmusik<\/strong>&#8218; innerhalb des Orgelsommers in der Reihe <strong>&#8222;F\u00fcnf nach Zw\u00f6lf&#8220;<\/strong>! Im Gegenzug daf\u00fcr spielten Markus Jung (Violoncello) und Olena Kokidko (Orgel) zwei Konzerte in Spanien beim &#8222;III Ciclo Internacional de \u00d3rgano&#8220; in Alcal\u00e1 de Los Gazules und beim &#8222;IV Ciclo Internacional de \u00d3rgano&#8220; in Jerez.<\/p>\n\n\n\n<p>Evangelische Kirche St. Johannis<br>Johanniskirchplatz, 08523 Plauen (im Vogtland)<\/p>\n\n\n\n<hr class=\"wp-block-separator has-alpha-channel-opacity\"\/>\n\n\n\n<p><strong>Freitag, 05. Juli 2024, 19:00 Uhr<\/strong><\/p>\n\n\n\n<p>Viertes internationales Austauschkonzert 2024 des TKV Hochfranken mit Andalusien: <strong>\u00c1ngel Hortas<\/strong> (Orgel) spielt in Hof 19:00 Uhr einen Konzertabend in der <strong>Kreuzkirche<\/strong>! Im Gegenzug daf\u00fcr spielten Markus Jung (Violoncello) und Olena Kokidko (Orgel) zwei Konzerte in Spanien beim &#8222;III Ciclo Internacional de \u00d3rgano&#8220; in Alcal\u00e1 de Los Gazules und beim &#8222;IV Ciclo Internacional de \u00d3rgano&#8220; in Jerez.<\/p>\n\n\n\n<p>Kreuzkirche Hof<br>Jahnstra\u00dfe 67, 95030 Hof<\/p>\n<h3>Related Images:<\/h3>","protected":false},"excerpt":{"rendered":"<p>Olena Kokidko &amp; Markus Jung (Foto: Katerina Danilova) \/ \u00c1ngel Hortas (Foto: Jes\u00fas Salido) Zwei hochfr\u00e4nkische Verbandsmitglieder &#8211; Olena Kokidko (Orgel, Klavier) und Markus Jung (Violoncello) sind Teil von zweimal zwei Austauschkonzerten mit Andalusien. Von dort kommt \u00c1ngel Hortas (Orgel) nach Deutschland und spielt in Hof und in Hofs Partnerstadt Plauen im Vogtland ebenfalls zwei&#8230; <\/p>\n<div class=\"read-more navbutton\"><a href=\"https:\/\/tkv-hochfranken.de\/index.php\/2024\/03\/28\/austauschkonzerte-mit-andalusien\/\">Read More<i class=\"fa fa-angle-double-right\"><\/i><\/a><\/div>\n","protected":false},"author":1,"featured_media":0,"comment_status":"closed","ping_status":"","sticky":false,"template":"","format":"standard","meta":{"ngg_post_thumbnail":0,"footnotes":""},"categories":[1],"tags":[],"class_list":["post-2532","post","type-post","status-publish","format-standard","hentry","category-allgemein"],"_links":{"self":[{"href":"https:\/\/tkv-hochfranken.de\/index.php\/wp-json\/wp\/v2\/posts\/2532","targetHints":{"allow":["GET"]}}],"collection":[{"href":"https:\/\/tkv-hochfranken.de\/index.php\/wp-json\/wp\/v2\/posts"}],"about":[{"href":"https:\/\/tkv-hochfranken.de\/index.php\/wp-json\/wp\/v2\/types\/post"}],"author":[{"embeddable":true,"href":"https:\/\/tkv-hochfranken.de\/index.php\/wp-json\/wp\/v2\/users\/1"}],"replies":[{"embeddable":true,"href":"https:\/\/tkv-hochfranken.de\/index.php\/wp-json\/wp\/v2\/comments?post=2532"}],"version-history":[{"count":6,"href":"https:\/\/tkv-hochfranken.de\/index.php\/wp-json\/wp\/v2\/posts\/2532\/revisions"}],"predecessor-version":[{"id":2568,"href":"https:\/\/tkv-hochfranken.de\/index.php\/wp-json\/wp\/v2\/posts\/2532\/revisions\/2568"}],"wp:attachment":[{"href":"https:\/\/tkv-hochfranken.de\/index.php\/wp-json\/wp\/v2\/media?parent=2532"}],"wp:term":[{"taxonomy":"category","embeddable":true,"href":"https:\/\/tkv-hochfranken.de\/index.php\/wp-json\/wp\/v2\/categories?post=2532"},{"taxonomy":"post_tag","embeddable":true,"href":"https:\/\/tkv-hochfranken.de\/index.php\/wp-json\/wp\/v2\/tags?post=2532"}],"curies":[{"name":"wp","href":"https:\/\/api.w.org\/{rel}","templated":true}]}}