{"id":2559,"date":"2024-04-14T17:22:26","date_gmt":"2024-04-14T15:22:26","guid":{"rendered":"https:\/\/tkv-hochfranken.de\/?p=2559"},"modified":"2024-04-14T17:22:26","modified_gmt":"2024-04-14T15:22:26","slug":"hofer-jazz-nights-gehen-in-die-2-runde","status":"publish","type":"post","link":"https:\/\/tkv-hochfranken.de\/index.php\/2024\/04\/14\/hofer-jazz-nights-gehen-in-die-2-runde\/","title":{"rendered":"Hofer Jazz Nights gehen in die 2. Runde!"},"content":{"rendered":"\n<figure class=\"wp-block-image size-large\"><img fetchpriority=\"high\" decoding=\"async\" width=\"1024\" height=\"1024\" src=\"https:\/\/tkv-hochfranken.de\/wp-content\/uploads\/2024\/04\/Banner-1024x1024.jpg\" alt=\"\" class=\"wp-image-2556\" srcset=\"https:\/\/tkv-hochfranken.de\/wp-content\/uploads\/2024\/04\/Banner-1024x1024.jpg 1024w, https:\/\/tkv-hochfranken.de\/wp-content\/uploads\/2024\/04\/Banner-300x300.jpg 300w, https:\/\/tkv-hochfranken.de\/wp-content\/uploads\/2024\/04\/Banner-150x150.jpg 150w, https:\/\/tkv-hochfranken.de\/wp-content\/uploads\/2024\/04\/Banner-768x768.jpg 768w, https:\/\/tkv-hochfranken.de\/wp-content\/uploads\/2024\/04\/Banner-1536x1536.jpg 1536w, https:\/\/tkv-hochfranken.de\/wp-content\/uploads\/2024\/04\/Banner-2048x2048.jpg 2048w\" sizes=\"(max-width: 1024px) 100vw, 1024px\" \/><\/figure>\n\n\n\n<p>Die Hof Jazz Nights unter der Gesamtleitung von Slawek Dudar gehen demn\u00e4chst in die 2. Runde. 2024 wird es noch mehr Konzerte geben und die Konzertorte k\u00f6nnen sich ebenfalls mehr als sehen lassen. Unter &#8222;Termine&#8220; k\u00f6nnen Sie auf unserer Homepage die Veranstaltungen bereits einsehen und Tickets sind ebenfalls schon hier vorbestellbar: www.hofjazznights.de<\/p>\n\n\n\n<p>Herzliche Einladungen zu den zahlreichen Konzerten! Infos zu den einzelnen Events werden demn\u00e4chst hier folgen!<\/p>\n<h3>Related Images:<\/h3>","protected":false},"excerpt":{"rendered":"<p>Die Hof Jazz Nights unter der Gesamtleitung von Slawek Dudar gehen demn\u00e4chst in die 2. Runde. 2024 wird es noch mehr Konzerte geben und die Konzertorte k\u00f6nnen sich ebenfalls mehr als sehen lassen. Unter &#8222;Termine&#8220; k\u00f6nnen Sie auf unserer Homepage die Veranstaltungen bereits einsehen und Tickets sind ebenfalls schon hier vorbestellbar: www.hofjazznights.de Herzliche Einladungen zu&#8230; <\/p>\n<div class=\"read-more navbutton\"><a href=\"https:\/\/tkv-hochfranken.de\/index.php\/2024\/04\/14\/hofer-jazz-nights-gehen-in-die-2-runde\/\">Read More<i class=\"fa fa-angle-double-right\"><\/i><\/a><\/div>\n","protected":false},"author":1,"featured_media":0,"comment_status":"closed","ping_status":"","sticky":false,"template":"","format":"standard","meta":{"ngg_post_thumbnail":0,"footnotes":""},"categories":[1],"tags":[],"class_list":["post-2559","post","type-post","status-publish","format-standard","hentry","category-allgemein"],"_links":{"self":[{"href":"https:\/\/tkv-hochfranken.de\/index.php\/wp-json\/wp\/v2\/posts\/2559","targetHints":{"allow":["GET"]}}],"collection":[{"href":"https:\/\/tkv-hochfranken.de\/index.php\/wp-json\/wp\/v2\/posts"}],"about":[{"href":"https:\/\/tkv-hochfranken.de\/index.php\/wp-json\/wp\/v2\/types\/post"}],"author":[{"embeddable":true,"href":"https:\/\/tkv-hochfranken.de\/index.php\/wp-json\/wp\/v2\/users\/1"}],"replies":[{"embeddable":true,"href":"https:\/\/tkv-hochfranken.de\/index.php\/wp-json\/wp\/v2\/comments?post=2559"}],"version-history":[{"count":1,"href":"https:\/\/tkv-hochfranken.de\/index.php\/wp-json\/wp\/v2\/posts\/2559\/revisions"}],"predecessor-version":[{"id":2560,"href":"https:\/\/tkv-hochfranken.de\/index.php\/wp-json\/wp\/v2\/posts\/2559\/revisions\/2560"}],"wp:attachment":[{"href":"https:\/\/tkv-hochfranken.de\/index.php\/wp-json\/wp\/v2\/media?parent=2559"}],"wp:term":[{"taxonomy":"category","embeddable":true,"href":"https:\/\/tkv-hochfranken.de\/index.php\/wp-json\/wp\/v2\/categories?post=2559"},{"taxonomy":"post_tag","embeddable":true,"href":"https:\/\/tkv-hochfranken.de\/index.php\/wp-json\/wp\/v2\/tags?post=2559"}],"curies":[{"name":"wp","href":"https:\/\/api.w.org\/{rel}","templated":true}]}}