{"id":2565,"date":"2024-04-14T17:56:44","date_gmt":"2024-04-14T15:56:44","guid":{"rendered":"https:\/\/tkv-hochfranken.de\/?p=2565"},"modified":"2025-05-09T02:18:27","modified_gmt":"2025-05-09T00:18:27","slug":"sehr-erfolgreiche-austauschkonzerte-in-andalusien","status":"publish","type":"post","link":"https:\/\/tkv-hochfranken.de\/index.php\/2024\/04\/14\/sehr-erfolgreiche-austauschkonzerte-in-andalusien\/","title":{"rendered":"Sehr erfolgreiche Austauschkonzerte in Andalusien"},"content":{"rendered":"\n<figure class=\"wp-block-image size-full\"><img fetchpriority=\"high\" decoding=\"async\" width=\"925\" height=\"701\" src=\"https:\/\/tkv-hochfranken.de\/wp-content\/uploads\/2024\/04\/Jerez.jpg\" alt=\"\" class=\"wp-image-2561\" srcset=\"https:\/\/tkv-hochfranken.de\/wp-content\/uploads\/2024\/04\/Jerez.jpg 925w, https:\/\/tkv-hochfranken.de\/wp-content\/uploads\/2024\/04\/Jerez-300x227.jpg 300w, https:\/\/tkv-hochfranken.de\/wp-content\/uploads\/2024\/04\/Jerez-768x582.jpg 768w\" sizes=\"(max-width: 925px) 100vw, 925px\" \/><figcaption class=\"wp-element-caption\">Pfarrer Luis, Markus Jung, Olena Kokidko und der Organist und Organisator \u00c1ngel Hortas (v.l.n.r.) in der Parroquia de San Dionisio in Jerez de la Frontera. (Foto: TKV Hochfranken)<\/figcaption><\/figure>\n\n\n\n<p>Zwei hochfr\u00e4nkische Verbandsmitglieder &#8211; die Organistin <strong>Olena Kokidko<\/strong> und der Cellist <strong>Markus Jung<\/strong> &#8211; waren Teil von zwei <strong>Austauschkonzerten<\/strong> mit Kirchen in Andalusien (Spanien). Von dort kommt auch der Organist <strong>\u00c1ngel Hortas<\/strong>, der im Juli nach Deutschland kommen wird und in <strong>Hof<\/strong> sowie Hofs Partnerstadt <strong>Plauen im Vogtland <\/strong>ebenfalls zwei Konzerte geben wird. Er organisierte die beiden Konzerte in Spanien, die sehr voll und erfolgreich in <strong>Alcal\u00e1 de Los Gazules <\/strong>und <strong>Jerez de la Frontera<\/strong> \u00fcber die B\u00fchne gingen. Wir freuen uns auf ein Wiedersehen mit dem Organisten und danken f\u00fcr eine tolle Gelegenheit.<\/p>\n<h3>Related Images:<\/h3>","protected":false},"excerpt":{"rendered":"<p>Pfarrer Luis, Markus Jung, Olena Kokidko und der Organist und Organisator \u00c1ngel Hortas (v.l.n.r.) in der Parroquia de San Dionisio in Jerez de la Frontera. (Foto: TKV Hochfranken) Zwei hochfr\u00e4nkische Verbandsmitglieder &#8211; die Organistin Olena Kokidko und der Cellist Markus Jung &#8211; waren Teil von zwei Austauschkonzerten mit Kirchen in Andalusien (Spanien). Von dort kommt&#8230; <\/p>\n<div class=\"read-more navbutton\"><a href=\"https:\/\/tkv-hochfranken.de\/index.php\/2024\/04\/14\/sehr-erfolgreiche-austauschkonzerte-in-andalusien\/\">Read More<i class=\"fa fa-angle-double-right\"><\/i><\/a><\/div>\n","protected":false},"author":1,"featured_media":0,"comment_status":"closed","ping_status":"","sticky":false,"template":"","format":"standard","meta":{"ngg_post_thumbnail":0,"footnotes":""},"categories":[1],"tags":[],"class_list":["post-2565","post","type-post","status-publish","format-standard","hentry","category-allgemein"],"_links":{"self":[{"href":"https:\/\/tkv-hochfranken.de\/index.php\/wp-json\/wp\/v2\/posts\/2565","targetHints":{"allow":["GET"]}}],"collection":[{"href":"https:\/\/tkv-hochfranken.de\/index.php\/wp-json\/wp\/v2\/posts"}],"about":[{"href":"https:\/\/tkv-hochfranken.de\/index.php\/wp-json\/wp\/v2\/types\/post"}],"author":[{"embeddable":true,"href":"https:\/\/tkv-hochfranken.de\/index.php\/wp-json\/wp\/v2\/users\/1"}],"replies":[{"embeddable":true,"href":"https:\/\/tkv-hochfranken.de\/index.php\/wp-json\/wp\/v2\/comments?post=2565"}],"version-history":[{"count":2,"href":"https:\/\/tkv-hochfranken.de\/index.php\/wp-json\/wp\/v2\/posts\/2565\/revisions"}],"predecessor-version":[{"id":3354,"href":"https:\/\/tkv-hochfranken.de\/index.php\/wp-json\/wp\/v2\/posts\/2565\/revisions\/3354"}],"wp:attachment":[{"href":"https:\/\/tkv-hochfranken.de\/index.php\/wp-json\/wp\/v2\/media?parent=2565"}],"wp:term":[{"taxonomy":"category","embeddable":true,"href":"https:\/\/tkv-hochfranken.de\/index.php\/wp-json\/wp\/v2\/categories?post=2565"},{"taxonomy":"post_tag","embeddable":true,"href":"https:\/\/tkv-hochfranken.de\/index.php\/wp-json\/wp\/v2\/tags?post=2565"}],"curies":[{"name":"wp","href":"https:\/\/api.w.org\/{rel}","templated":true}]}}