{"id":2578,"date":"2024-04-17T23:39:11","date_gmt":"2024-04-17T21:39:11","guid":{"rendered":"https:\/\/tkv-hochfranken.de\/?p=2578"},"modified":"2024-04-20T00:46:13","modified_gmt":"2024-04-19T22:46:13","slug":"zum-konzertabend-mit-dem-trio-liberme","status":"publish","type":"post","link":"https:\/\/tkv-hochfranken.de\/index.php\/2024\/04\/17\/zum-konzertabend-mit-dem-trio-liberme\/","title":{"rendered":"Zum Konzertabend mit dem Trio Liberm\u00e9"},"content":{"rendered":"\n<figure class=\"wp-block-image size-large\"><img fetchpriority=\"high\" decoding=\"async\" width=\"1024\" height=\"768\" src=\"https:\/\/tkv-hochfranken.de\/wp-content\/uploads\/2024\/04\/Trio-Liberne-2-1024x768.jpg\" alt=\"\" class=\"wp-image-2577\" srcset=\"https:\/\/tkv-hochfranken.de\/wp-content\/uploads\/2024\/04\/Trio-Liberne-2-1024x768.jpg 1024w, https:\/\/tkv-hochfranken.de\/wp-content\/uploads\/2024\/04\/Trio-Liberne-2-300x225.jpg 300w, https:\/\/tkv-hochfranken.de\/wp-content\/uploads\/2024\/04\/Trio-Liberne-2-768x576.jpg 768w, https:\/\/tkv-hochfranken.de\/wp-content\/uploads\/2024\/04\/Trio-Liberne-2-1536x1152.jpg 1536w, https:\/\/tkv-hochfranken.de\/wp-content\/uploads\/2024\/04\/Trio-Liberne-2-2048x1536.jpg 2048w\" sizes=\"(max-width: 1024px) 100vw, 1024px\" \/><figcaption class=\"wp-element-caption\">Das Trio Liberm\u00e9 in der KlangManufaktur in Hof (Foto: Jens Gottl\u00f6ber)<\/figcaption><\/figure>\n\n\n\n<p>Das Hofer Musikleben ist schon aus sich selbst heraus \u00e4u\u00dferst vielf\u00e4ltig und zeigt viele Facetten \u00fcber alle Stilrichtungen, Epochen, Geschlechter und Geschm\u00e4cker. Gelegentlich ergeben sich dar\u00fcber hinaus noch Ereignisse, die mit Bekanntschaften aus fr\u00fcheren Zeiten, aus der Ausbildung oder Engagements an anderen Orten zusammenh\u00e4ngen, und dann kommt es zu solchen kammermusikalischen Leckerbissen wie dem Auftritt des Trio Liberm\u00e9 in der Hofer KlangManufaktur. Anthea Kreston (Violine) lehrt aktuell am Curtis Institute of Music Philadelphia, Jason Duckles (Violoncello) ist international mit bekannten Stars unterwegs, und Frank-Immo Zichner (Piano) gr\u00fcndete das Kammermusikzentrum an der Universit\u00e4t der K\u00fcnste in Berlin. Die drei Ausnahmek\u00fcnstler spielen seit 2018 zusammen und brachten nun, bei ihrem<br>zweiten Auftritt in Hof, ausschlie\u00dflich Musik von tschechischen Komponisten zur Auff\u00fchrung: Smetana, Suk und Dvorak. Zudem stehen alle gespielten Trios in einer Moll-Tonart und gr\u00fcnden teilweise auf pers\u00f6nlichen Trauererlebnissen der Komponisten. In allen Werken kontrastieren Momente tiefster Trauer und Ersch\u00fctterung mit sch\u00f6nster Lust am Leben, an Genuss und Tanz, wie es anr\u00fchrender kaum anders als in b\u00f6hmischen Kl\u00e4ngen ausgedr\u00fcckt werden kann. Dabei wechselten die beiden Streicher ihr Rollenverst\u00e4ndnis je nach Werk und Grundstimmung: Klang die Geige im Smetana-Trio mit ihren Klagen dunkel und rau &#8211; demgegen\u00fcber das Cello mit hellem Ton Signale der Hoffnung aussendete, waren die Grundaussagen bei Suk genau umgekehrt. Hier stand der helle Geigenklang dem eher d\u00fcsteren Cello<br>gegen\u00fcber. Der Pianist Zichner erwies sich als immer ad\u00e4quater Partner, der den St\u00fccken das Fundament<br>lieferte, ohne die Mitspieler jemals mit seinem Instrument zuzudecken. Hinrei\u00dfend die Pedal-Effekte in einigen ganz leisen Passagen, die einen Hall erzeugten, der aufhorchen lie\u00df, aber immer auf die Sekunde genau abgeschlossen wurde, wenn es zu viel Effekt geworden w\u00e4re. Im Schlussst\u00fcck, dem \u201eDumky-Trio\u201c von Dvorak kulminierten das K\u00f6nnen, die Leidenschaft und die intelligente F\u00e4higkeit aller Beteiligten, aufeinander zu h\u00f6ren und die jeweils anderen zu st\u00fctzen und mitzunehmen, in genialer Weise. Dass der Begriff \u201edumka\u201c dem ukrainischen Sprachraum entstammt, lie\u00df dieses Werk nochmals beeindruckender wirken. Begeisterter Applaus der Zuh\u00f6rer f\u00fchrte zur Wiederholung des zweiten Suk-Satzes, einer Art<br>Tango, der sich in der Konzertmuschel eines b\u00f6hmischen Badeortes aufzul\u00f6sen scheint. Erm\u00f6glicht wurde das Konzert durch die Hofer Symphoniker und den Tonk\u00fcnstlerverband Hochfranken, der in letzter Zeit verst\u00e4rkt durch solche \u201eSchmankerln\u201c auff\u00e4llt. &#8211; Stefan Pohl, Hof, 09. April 2024<\/p>\n<h3>Related Images:<\/h3>","protected":false},"excerpt":{"rendered":"<p>Das Trio Liberm\u00e9 in der KlangManufaktur in Hof (Foto: Jens Gottl\u00f6ber) Das Hofer Musikleben ist schon aus sich selbst heraus \u00e4u\u00dferst vielf\u00e4ltig und zeigt viele Facetten \u00fcber alle Stilrichtungen, Epochen, Geschlechter und Geschm\u00e4cker. Gelegentlich ergeben sich dar\u00fcber hinaus noch Ereignisse, die mit Bekanntschaften aus fr\u00fcheren Zeiten, aus der Ausbildung oder Engagements an anderen Orten zusammenh\u00e4ngen,&#8230; <\/p>\n<div class=\"read-more navbutton\"><a href=\"https:\/\/tkv-hochfranken.de\/index.php\/2024\/04\/17\/zum-konzertabend-mit-dem-trio-liberme\/\">Read More<i class=\"fa fa-angle-double-right\"><\/i><\/a><\/div>\n","protected":false},"author":1,"featured_media":0,"comment_status":"closed","ping_status":"","sticky":false,"template":"","format":"standard","meta":{"ngg_post_thumbnail":0,"footnotes":""},"categories":[1],"tags":[],"class_list":["post-2578","post","type-post","status-publish","format-standard","hentry","category-allgemein"],"_links":{"self":[{"href":"https:\/\/tkv-hochfranken.de\/index.php\/wp-json\/wp\/v2\/posts\/2578","targetHints":{"allow":["GET"]}}],"collection":[{"href":"https:\/\/tkv-hochfranken.de\/index.php\/wp-json\/wp\/v2\/posts"}],"about":[{"href":"https:\/\/tkv-hochfranken.de\/index.php\/wp-json\/wp\/v2\/types\/post"}],"author":[{"embeddable":true,"href":"https:\/\/tkv-hochfranken.de\/index.php\/wp-json\/wp\/v2\/users\/1"}],"replies":[{"embeddable":true,"href":"https:\/\/tkv-hochfranken.de\/index.php\/wp-json\/wp\/v2\/comments?post=2578"}],"version-history":[{"count":2,"href":"https:\/\/tkv-hochfranken.de\/index.php\/wp-json\/wp\/v2\/posts\/2578\/revisions"}],"predecessor-version":[{"id":2595,"href":"https:\/\/tkv-hochfranken.de\/index.php\/wp-json\/wp\/v2\/posts\/2578\/revisions\/2595"}],"wp:attachment":[{"href":"https:\/\/tkv-hochfranken.de\/index.php\/wp-json\/wp\/v2\/media?parent=2578"}],"wp:term":[{"taxonomy":"category","embeddable":true,"href":"https:\/\/tkv-hochfranken.de\/index.php\/wp-json\/wp\/v2\/categories?post=2578"},{"taxonomy":"post_tag","embeddable":true,"href":"https:\/\/tkv-hochfranken.de\/index.php\/wp-json\/wp\/v2\/tags?post=2578"}],"curies":[{"name":"wp","href":"https:\/\/api.w.org\/{rel}","templated":true}]}}