{"id":2586,"date":"2024-04-18T22:51:04","date_gmt":"2024-04-18T20:51:04","guid":{"rendered":"https:\/\/tkv-hochfranken.de\/?p=2586"},"modified":"2024-04-18T22:58:50","modified_gmt":"2024-04-18T20:58:50","slug":"naechstes-gitarren-highlight-duo-muellerfunes-kommt-nach-hof","status":"publish","type":"post","link":"https:\/\/tkv-hochfranken.de\/index.php\/2024\/04\/18\/naechstes-gitarren-highlight-duo-muellerfunes-kommt-nach-hof\/","title":{"rendered":"N\u00e4chstes Gitarren-Highlight: Duo M\u00fcllerFunes kommt nach Hof!"},"content":{"rendered":"\n<figure class=\"wp-block-image size-large\"><img fetchpriority=\"high\" decoding=\"async\" width=\"1024\" height=\"682\" src=\"https:\/\/tkv-hochfranken.de\/wp-content\/uploads\/2024\/04\/Duo-Mueller-Funes-02-1024x682.jpg\" alt=\"\" class=\"wp-image-2584\" srcset=\"https:\/\/tkv-hochfranken.de\/wp-content\/uploads\/2024\/04\/Duo-Mueller-Funes-02-1024x682.jpg 1024w, https:\/\/tkv-hochfranken.de\/wp-content\/uploads\/2024\/04\/Duo-Mueller-Funes-02-300x200.jpg 300w, https:\/\/tkv-hochfranken.de\/wp-content\/uploads\/2024\/04\/Duo-Mueller-Funes-02-768x512.jpg 768w, https:\/\/tkv-hochfranken.de\/wp-content\/uploads\/2024\/04\/Duo-Mueller-Funes-02-1536x1024.jpg 1536w, https:\/\/tkv-hochfranken.de\/wp-content\/uploads\/2024\/04\/Duo-Mueller-Funes-02.jpg 2000w\" sizes=\"(max-width: 1024px) 100vw, 1024px\" \/><\/figure>\n\n\n\n<p>Das \u00f6sterreichisch-argentinische <strong>Duo M\u00fcllerFunes<\/strong> feiert in diesem Jahr sein achtj\u00e4hriges Bestehen und hat sich in dieser Zeit einen Namen auf nationalen und internationalen Konzertpodien geschaffen. Das Duo konzertierte in \u00d6sterreich, Deutschland, Spanien und Argentinien und stand mit bekannten Pers\u00f6nlichkeiten wie dem Gitarristen Juan Falu (Argentinien) und dem Bandoneonspieler Gilberto Pereyra (Argentinien) auf der B\u00fchne. Zahlreiche Konzertauftritte u.a. im ber\u00fchmten Conservatorio Reina Sofia in Madrid (Spanien), im rum\u00e4nischen Rum\u00e4nischen Nationaltheater in Cluj (Rum\u00e4nien), sowie mehrere Videoproduktionen und ein Fernsehauftritt im argentinischen Fernsehen beschreiben nur einen Teil der Arbeit der letzten Jahre. In den Jahren 2021 und 2022 folgten zwei Projekte in Zusammenarbeit mit dem Tiroler Symphonieorchester sowie ein Orchesterkonzert mit der \u201eAkademie St. Blasius&#8220;, in dem das<br>Werk \u201eGismontiana&#8220; von Leo Brouwer f\u00fcr vier Gitarren aufgef\u00fchrt wurde. Das aktuelle Programm des Duos mit dem Titel &#8222;Musica Latina&#8220; ist der traditionellen Musik S\u00fcdamerikas gewidmet. Die beiden Musiker verbinden in ihrem Programm klassische Tangos und Milongas mit brasilianischen Rhythmen sowie traditioneller Folklore aus dem Norden Argentiniens. Eine Mischung, die Publikum und Presse gleicherma\u00dfen begeistert. Im vergangenen Winter ver\u00f6ffentlichte das Duo sein erstes Album &#8222;Musica Latina\u201c.<\/p>\n\n\n\n<p><br>&#8222;\u2026eine exquisite und mitrei\u00dfende Darbietung \u2026 diese beiden gro\u00dfartigen Gitarristen sind wirklich &#8222;eins&#8220; auf der B\u00fchne\u2026&#8220; (live bei Guitarra Contreras Madrid)<br>\u201c\u2026ein wunderbares Repertoire, meisterhaft dargeboten von diesen beiden gro\u00dfen Virtuosen\u2026&#8220; (live im Conservatorio Superior de M\u00fasica de Madrid)<\/p>\n\n\n\n<p><br><strong>Daniel M\u00fcller<\/strong> wurde in Tirol, \u00d6sterreich, geboren. Seine k\u00fcnstlerische Ausbildung erhielt er am Tiroler Landeskonservatorium bei Dr. Stefan Hackl und an der Universit\u00e4t f\u00fcr Musik und darstellende Kunst in Wien bei Prof. Alvaro Pierri. Beide Studien schloss er mit Auszeichnung ab . Er ist mehrfacher erster Preistr\u00e4ger nationaler und internationaler Wettbewerbe und war Stipendiat der Dr. Robert und Lina Thyll D\u00fcrr Stiftung sowie des Yehudi Menuhin&#8217;s Live Music Now F\u00f6rderprogramms. Daniel M\u00fcller arbeitete mehrere Jahre als Assistent von Prof. Alvaro Pierri an der Universit\u00e4t f\u00fcr Musik und darstellende Kunst in Wien. Seit 2012 ist Daniel M\u00fcller Professor f\u00fcr Gitarre am Tiroler Landeskonservatorium.<br><\/p>\n\n\n\n<p><strong>Ra\u00fal Ernesto Funes<\/strong> wurde in Mendoza, Argentinien, geboren. Er studierte am Tiroler Landeskonservatorium bei Dr. Stefan Hackl sowie an der Universit\u00e4t Mozarteum in Salzburg bei Prof. Maria Isabell Sievers und Prof. Eliot Fisk. Er ist mehrfacher Preistr\u00e4ger verschiedener Wettbewerbe wie z.B. des Preises &#8222;Presidencia de la Nacion&#8220; (wird j\u00e4hrlich an den besten Musikstudenten Argentiniens verliehen). Seit 2001 unterrichtet Raul Funes eine Klasse f\u00fcr Gitarre an der Musikschule der Stadt Innsbruck.<\/p>\n\n\n\n<p><br>Websites:      www.muellerfunes.com      www.muellerguitar.com<\/p>\n<h3>Related Images:<\/h3>","protected":false},"excerpt":{"rendered":"<p>Das \u00f6sterreichisch-argentinische Duo M\u00fcllerFunes feiert in diesem Jahr sein achtj\u00e4hriges Bestehen und hat sich in dieser Zeit einen Namen auf nationalen und internationalen Konzertpodien geschaffen. Das Duo konzertierte in \u00d6sterreich, Deutschland, Spanien und Argentinien und stand mit bekannten Pers\u00f6nlichkeiten wie dem Gitarristen Juan Falu (Argentinien) und dem Bandoneonspieler Gilberto Pereyra (Argentinien) auf der B\u00fchne. Zahlreiche&#8230; <\/p>\n<div class=\"read-more navbutton\"><a href=\"https:\/\/tkv-hochfranken.de\/index.php\/2024\/04\/18\/naechstes-gitarren-highlight-duo-muellerfunes-kommt-nach-hof\/\">Read More<i class=\"fa fa-angle-double-right\"><\/i><\/a><\/div>\n","protected":false},"author":1,"featured_media":0,"comment_status":"closed","ping_status":"","sticky":false,"template":"","format":"standard","meta":{"ngg_post_thumbnail":0,"footnotes":""},"categories":[1],"tags":[],"class_list":["post-2586","post","type-post","status-publish","format-standard","hentry","category-allgemein"],"_links":{"self":[{"href":"https:\/\/tkv-hochfranken.de\/index.php\/wp-json\/wp\/v2\/posts\/2586","targetHints":{"allow":["GET"]}}],"collection":[{"href":"https:\/\/tkv-hochfranken.de\/index.php\/wp-json\/wp\/v2\/posts"}],"about":[{"href":"https:\/\/tkv-hochfranken.de\/index.php\/wp-json\/wp\/v2\/types\/post"}],"author":[{"embeddable":true,"href":"https:\/\/tkv-hochfranken.de\/index.php\/wp-json\/wp\/v2\/users\/1"}],"replies":[{"embeddable":true,"href":"https:\/\/tkv-hochfranken.de\/index.php\/wp-json\/wp\/v2\/comments?post=2586"}],"version-history":[{"count":2,"href":"https:\/\/tkv-hochfranken.de\/index.php\/wp-json\/wp\/v2\/posts\/2586\/revisions"}],"predecessor-version":[{"id":2591,"href":"https:\/\/tkv-hochfranken.de\/index.php\/wp-json\/wp\/v2\/posts\/2586\/revisions\/2591"}],"wp:attachment":[{"href":"https:\/\/tkv-hochfranken.de\/index.php\/wp-json\/wp\/v2\/media?parent=2586"}],"wp:term":[{"taxonomy":"category","embeddable":true,"href":"https:\/\/tkv-hochfranken.de\/index.php\/wp-json\/wp\/v2\/categories?post=2586"},{"taxonomy":"post_tag","embeddable":true,"href":"https:\/\/tkv-hochfranken.de\/index.php\/wp-json\/wp\/v2\/tags?post=2586"}],"curies":[{"name":"wp","href":"https:\/\/api.w.org\/{rel}","templated":true}]}}