{"id":2607,"date":"2024-05-09T22:37:21","date_gmt":"2024-05-09T20:37:21","guid":{"rendered":"https:\/\/tkv-hochfranken.de\/?p=2607"},"modified":"2024-05-09T22:37:21","modified_gmt":"2024-05-09T20:37:21","slug":"lateinamerikanisches-konzert-der-extraklasse","status":"publish","type":"post","link":"https:\/\/tkv-hochfranken.de\/index.php\/2024\/05\/09\/lateinamerikanisches-konzert-der-extraklasse\/","title":{"rendered":"Lateinamerikanisches Konzert der Extraklasse"},"content":{"rendered":"\n<figure class=\"wp-block-image size-large is-resized\"><img fetchpriority=\"high\" decoding=\"async\" width=\"1024\" height=\"555\" src=\"https:\/\/tkv-hochfranken.de\/wp-content\/uploads\/2024\/05\/06-1024x555.jpg\" alt=\"\" class=\"wp-image-2606\" style=\"width:840px;height:auto\" srcset=\"https:\/\/tkv-hochfranken.de\/wp-content\/uploads\/2024\/05\/06-1024x555.jpg 1024w, https:\/\/tkv-hochfranken.de\/wp-content\/uploads\/2024\/05\/06-300x163.jpg 300w, https:\/\/tkv-hochfranken.de\/wp-content\/uploads\/2024\/05\/06-768x417.jpg 768w, https:\/\/tkv-hochfranken.de\/wp-content\/uploads\/2024\/05\/06-1536x833.jpg 1536w, https:\/\/tkv-hochfranken.de\/wp-content\/uploads\/2024\/05\/06-2048x1111.jpg 2048w\" sizes=\"(max-width: 1024px) 100vw, 1024px\" \/><figcaption class=\"wp-element-caption\">Das Duo M\u00fcllerFumes zu Gast in Hof (Fotos: Monika Renke)<\/figcaption><\/figure>\n\n\n\n<p>Mit einem Konzert der Extraklasse konnte der Leiter der &#8222;Gitarrenhighlights&#8220; und Leiter der Musikschule &#8218;Freunde der Gitarre&#8216; Dietmar Ungerank zum wiederholten Male in Hof zeigen, wie gro\u00dfartig das sechssaitige Zupfinstrument doch einzusetzen ist. Und das zeigt er regelm\u00e4\u00dfig, indem er internationale Gr\u00f6\u00dfen der Gitarrenwelt nach Hof einl\u00e4dt, damit diese kulturinterssierten Hofern ein Konzert spielen. Dieses Mal kam das &#8218;Duo M\u00fcllerFumes&#8216; in die Freikirche der Siebenten-Tags-Adventisten, wo Ungerank neben seiner Konzertreihe auch unterrichtet. Das \u00f6sterreich-argentinische Duo zweier international gefeierter Gitarristen kam mit einem lateinamerikanischen Programm, das mit allen bekannten Farben dieser Musik aufwartete und damit keine W\u00fcnsche offen lie\u00df. Temperament und Melancholie, Nachdenklichkeit und Tanzrhythmen erklangen in einer Einigkeit, wie sie nur selten bei Duos zu h\u00f6ren ist &#8211; einheitlich in Aussage und Ziel aber dabei immer der jeweiligen Solostimme den Raum gebend, den sie verdient. Begeistert und aufmerksam folgte der gut gef\u00fcllte Saal eben diesen Melodien, die zwischen den Spielern hin- und hergereicht wurden. Die beiden Musiker, die P\u00e4dagogen an namhaften \u00f6sterreichischen Musikbildungsst\u00e4tten sind, spielten das Programm zu ihrer aktuellen CD &#8218;musica latina&#8216; mit Werken von Gismonti, Mart\u00edn, Aieta, Piazzolla und anderen. Besonders beeindruckend waren drei Werke von Radames Gnattali, die auf verschiedensten europ\u00e4ischen Grundrhythmen aufbauten, welche mit virtuosen s\u00fcdamerikanischen Melodien verschmolzen. Die Farbenvielfalt, welche die beiden Ausnahmegitarristen ihren Instrumenten entlockten, war ebenso beeindruckend, wie deren dynamische Bandbreite. Sie macht schon jetzt Lust auf mehr &#8211; und mehr gibt es am 14. Juli um 17:00 Uhr, wo Dietmar Ungerank drei seiner Sch\u00fcler ein solches Konzert widmet: Rahel Wohlleben, Conrad Leander Werner Jahn und Jeroen Sigl haben in letzter Zeit bei zahlreichen Wettbewerben Preise gewonnen. Das damit zehnte &#8222;Gitarrenhighlight&#8220; seit der Wiederbelebung erg\u00e4nzt die internationale Klasse mit zukunftsweisendem Lokalcolorit. Der Eintritt daf\u00fcr wird frei sein und sich ganz bestimmt lohnen.<\/p>\n<h3>Related Images:<\/h3>","protected":false},"excerpt":{"rendered":"<p>Das Duo M\u00fcllerFumes zu Gast in Hof (Fotos: Monika Renke) Mit einem Konzert der Extraklasse konnte der Leiter der &#8222;Gitarrenhighlights&#8220; und Leiter der Musikschule &#8218;Freunde der Gitarre&#8216; Dietmar Ungerank zum wiederholten Male in Hof zeigen, wie gro\u00dfartig das sechssaitige Zupfinstrument doch einzusetzen ist. Und das zeigt er regelm\u00e4\u00dfig, indem er internationale Gr\u00f6\u00dfen der Gitarrenwelt nach&#8230; <\/p>\n<div class=\"read-more navbutton\"><a href=\"https:\/\/tkv-hochfranken.de\/index.php\/2024\/05\/09\/lateinamerikanisches-konzert-der-extraklasse\/\">Read More<i class=\"fa fa-angle-double-right\"><\/i><\/a><\/div>\n","protected":false},"author":1,"featured_media":0,"comment_status":"closed","ping_status":"","sticky":false,"template":"","format":"standard","meta":{"ngg_post_thumbnail":0,"footnotes":""},"categories":[1],"tags":[],"class_list":["post-2607","post","type-post","status-publish","format-standard","hentry","category-allgemein"],"_links":{"self":[{"href":"https:\/\/tkv-hochfranken.de\/index.php\/wp-json\/wp\/v2\/posts\/2607","targetHints":{"allow":["GET"]}}],"collection":[{"href":"https:\/\/tkv-hochfranken.de\/index.php\/wp-json\/wp\/v2\/posts"}],"about":[{"href":"https:\/\/tkv-hochfranken.de\/index.php\/wp-json\/wp\/v2\/types\/post"}],"author":[{"embeddable":true,"href":"https:\/\/tkv-hochfranken.de\/index.php\/wp-json\/wp\/v2\/users\/1"}],"replies":[{"embeddable":true,"href":"https:\/\/tkv-hochfranken.de\/index.php\/wp-json\/wp\/v2\/comments?post=2607"}],"version-history":[{"count":1,"href":"https:\/\/tkv-hochfranken.de\/index.php\/wp-json\/wp\/v2\/posts\/2607\/revisions"}],"predecessor-version":[{"id":2608,"href":"https:\/\/tkv-hochfranken.de\/index.php\/wp-json\/wp\/v2\/posts\/2607\/revisions\/2608"}],"wp:attachment":[{"href":"https:\/\/tkv-hochfranken.de\/index.php\/wp-json\/wp\/v2\/media?parent=2607"}],"wp:term":[{"taxonomy":"category","embeddable":true,"href":"https:\/\/tkv-hochfranken.de\/index.php\/wp-json\/wp\/v2\/categories?post=2607"},{"taxonomy":"post_tag","embeddable":true,"href":"https:\/\/tkv-hochfranken.de\/index.php\/wp-json\/wp\/v2\/tags?post=2607"}],"curies":[{"name":"wp","href":"https:\/\/api.w.org\/{rel}","templated":true}]}}