{"id":2613,"date":"2024-05-16T23:39:24","date_gmt":"2024-05-16T21:39:24","guid":{"rendered":"https:\/\/tkv-hochfranken.de\/?p=2613"},"modified":"2024-05-16T23:39:24","modified_gmt":"2024-05-16T21:39:24","slug":"fruehlingskonzert-in-rehau","status":"publish","type":"post","link":"https:\/\/tkv-hochfranken.de\/index.php\/2024\/05\/16\/fruehlingskonzert-in-rehau\/","title":{"rendered":"Fr\u00fchlingskonzert in Rehau"},"content":{"rendered":"\n<figure class=\"wp-block-image size-large\"><img fetchpriority=\"high\" decoding=\"async\" width=\"1024\" height=\"768\" src=\"https:\/\/tkv-hochfranken.de\/wp-content\/uploads\/2024\/05\/Fruehlingskonzert-der-Musikschule-im-Festsaal-Foto-Dietrich-Metzner-1024x768.jpg\" alt=\"\" class=\"wp-image-2612\" srcset=\"https:\/\/tkv-hochfranken.de\/wp-content\/uploads\/2024\/05\/Fruehlingskonzert-der-Musikschule-im-Festsaal-Foto-Dietrich-Metzner-1024x768.jpg 1024w, https:\/\/tkv-hochfranken.de\/wp-content\/uploads\/2024\/05\/Fruehlingskonzert-der-Musikschule-im-Festsaal-Foto-Dietrich-Metzner-300x225.jpg 300w, https:\/\/tkv-hochfranken.de\/wp-content\/uploads\/2024\/05\/Fruehlingskonzert-der-Musikschule-im-Festsaal-Foto-Dietrich-Metzner-768x576.jpg 768w, https:\/\/tkv-hochfranken.de\/wp-content\/uploads\/2024\/05\/Fruehlingskonzert-der-Musikschule-im-Festsaal-Foto-Dietrich-Metzner-1536x1152.jpg 1536w, https:\/\/tkv-hochfranken.de\/wp-content\/uploads\/2024\/05\/Fruehlingskonzert-der-Musikschule-im-Festsaal-Foto-Dietrich-Metzner-2048x1536.jpg 2048w\" sizes=\"(max-width: 1024px) 100vw, 1024px\" \/><figcaption class=\"wp-element-caption\">Einige der Fl\u00f6tistinnen beim Fr\u00fchlingskonzert in Rehau (Foto: Dietrich Metzner)<\/figcaption><\/figure>\n\n\n\n<p>Die Blockfl\u00f6tistinnen der Klasse von Christa Klie (Musikschule des Landkreises Hof) gaben auch dieses Jahr wieder ihr traditionelles Fr\u00fchlingskonzert. Am 5. Mai um 11:00 Uhr erklangen im sehr gut gef\u00fcllten Festsaal im Alten Rathaus Rehau (Festsaal Museum am Maxplatz) Werke von Bach, Telemann, Vivaldi und anderen. Neben der P\u00e4dagogin standen noch neun weitere junge Fl\u00f6tistinnen auf der B\u00fchne und begeisterten das Publikum. Damit hat sich der Fr\u00fchling in Hochfranken dann auch endlich eingestellt. Der TKV Hochfranken bedankt sich bei seiner Kollegin Chriata Klie f\u00fcr deren Organisation und Arbeit.<\/p>\n<h3>Related Images:<\/h3>","protected":false},"excerpt":{"rendered":"<p>Einige der Fl\u00f6tistinnen beim Fr\u00fchlingskonzert in Rehau (Foto: Dietrich Metzner) Die Blockfl\u00f6tistinnen der Klasse von Christa Klie (Musikschule des Landkreises Hof) gaben auch dieses Jahr wieder ihr traditionelles Fr\u00fchlingskonzert. Am 5. Mai um 11:00 Uhr erklangen im sehr gut gef\u00fcllten Festsaal im Alten Rathaus Rehau (Festsaal Museum am Maxplatz) Werke von Bach, Telemann, Vivaldi und&#8230; <\/p>\n<div class=\"read-more navbutton\"><a href=\"https:\/\/tkv-hochfranken.de\/index.php\/2024\/05\/16\/fruehlingskonzert-in-rehau\/\">Read More<i class=\"fa fa-angle-double-right\"><\/i><\/a><\/div>\n","protected":false},"author":1,"featured_media":0,"comment_status":"closed","ping_status":"","sticky":false,"template":"","format":"standard","meta":{"ngg_post_thumbnail":0,"footnotes":""},"categories":[1],"tags":[],"class_list":["post-2613","post","type-post","status-publish","format-standard","hentry","category-allgemein"],"_links":{"self":[{"href":"https:\/\/tkv-hochfranken.de\/index.php\/wp-json\/wp\/v2\/posts\/2613","targetHints":{"allow":["GET"]}}],"collection":[{"href":"https:\/\/tkv-hochfranken.de\/index.php\/wp-json\/wp\/v2\/posts"}],"about":[{"href":"https:\/\/tkv-hochfranken.de\/index.php\/wp-json\/wp\/v2\/types\/post"}],"author":[{"embeddable":true,"href":"https:\/\/tkv-hochfranken.de\/index.php\/wp-json\/wp\/v2\/users\/1"}],"replies":[{"embeddable":true,"href":"https:\/\/tkv-hochfranken.de\/index.php\/wp-json\/wp\/v2\/comments?post=2613"}],"version-history":[{"count":1,"href":"https:\/\/tkv-hochfranken.de\/index.php\/wp-json\/wp\/v2\/posts\/2613\/revisions"}],"predecessor-version":[{"id":2614,"href":"https:\/\/tkv-hochfranken.de\/index.php\/wp-json\/wp\/v2\/posts\/2613\/revisions\/2614"}],"wp:attachment":[{"href":"https:\/\/tkv-hochfranken.de\/index.php\/wp-json\/wp\/v2\/media?parent=2613"}],"wp:term":[{"taxonomy":"category","embeddable":true,"href":"https:\/\/tkv-hochfranken.de\/index.php\/wp-json\/wp\/v2\/categories?post=2613"},{"taxonomy":"post_tag","embeddable":true,"href":"https:\/\/tkv-hochfranken.de\/index.php\/wp-json\/wp\/v2\/tags?post=2613"}],"curies":[{"name":"wp","href":"https:\/\/api.w.org\/{rel}","templated":true}]}}