{"id":2630,"date":"2024-06-01T12:38:09","date_gmt":"2024-06-01T10:38:09","guid":{"rendered":"https:\/\/tkv-hochfranken.de\/?p=2630"},"modified":"2024-06-01T12:41:36","modified_gmt":"2024-06-01T10:41:36","slug":"sendecki-spiegel-am-sonntag-dem-2-juni-bei-den-hof-jazz-nights-im-festsaal-der-freiheitshalle","status":"publish","type":"post","link":"https:\/\/tkv-hochfranken.de\/index.php\/2024\/06\/01\/sendecki-spiegel-am-sonntag-dem-2-juni-bei-den-hof-jazz-nights-im-festsaal-der-freiheitshalle\/","title":{"rendered":"Sendecki &amp; Spiegel am Sonntag, dem 2. Juni bei den Hof Jazz Nights im Festsaal der Freiheitshalle"},"content":{"rendered":"\n<figure class=\"wp-block-image size-large\"><img fetchpriority=\"high\" decoding=\"async\" width=\"1024\" height=\"1024\" src=\"https:\/\/tkv-hochfranken.de\/wp-content\/uploads\/2024\/06\/2.06.SendeckiSpiegel1-1024x1024.jpg\" alt=\"\" class=\"wp-image-2629\" srcset=\"https:\/\/tkv-hochfranken.de\/wp-content\/uploads\/2024\/06\/2.06.SendeckiSpiegel1-1024x1024.jpg 1024w, https:\/\/tkv-hochfranken.de\/wp-content\/uploads\/2024\/06\/2.06.SendeckiSpiegel1-300x300.jpg 300w, https:\/\/tkv-hochfranken.de\/wp-content\/uploads\/2024\/06\/2.06.SendeckiSpiegel1-150x150.jpg 150w, https:\/\/tkv-hochfranken.de\/wp-content\/uploads\/2024\/06\/2.06.SendeckiSpiegel1-768x768.jpg 768w, https:\/\/tkv-hochfranken.de\/wp-content\/uploads\/2024\/06\/2.06.SendeckiSpiegel1-1536x1536.jpg 1536w, https:\/\/tkv-hochfranken.de\/wp-content\/uploads\/2024\/06\/2.06.SendeckiSpiegel1-2048x2048.jpg 2048w\" sizes=\"(max-width: 1024px) 100vw, 1024px\" \/><figcaption class=\"wp-element-caption\">Sendecki &#038; Spiegel (Foto: Hof Jazz Nights)<\/figcaption><\/figure>\n\n\n\n<p>Die Hof Jazz Nights gehen dieses Jahr in die 2. Runde und laden in die geschichtstr\u00e4chtige <strong>Freiheitshalle<\/strong> ein: am <strong>Sonntag<\/strong>, dem <strong>2. Juni<\/strong> 2024 um <strong>19:00 Uhr<\/strong> kommt das Duo &#8222;<strong>Sendecki &amp; Spiegel<\/strong>&#8220; in den <strong>Festsaal<\/strong> der gro\u00dfen Hofer Veranstaltungshalle. Bei diesem Duo\u00a0haben sich zwei ebenso profilierte wie international angesehene Musiker zusammengefunden, um einen neuen, eigenst\u00e4ndigen Sound zwischen Klavier und Schlagzeug auszuloten. Pianist\u00a0<strong>Vladyslav Sendecki<\/strong>, ein Schwergewicht der europ\u00e4ischen Jazzszene und sein Pendant, der Schlagwerker\u00a0<strong>J\u00fcrgen Spiegel<\/strong>, der normalerweise mit dem\u00a0Tingvall Trio\u00a0international gefeiert wird, haben bereits mit ihrem ersten Album\u00a0&#8222;Two In The Mirror&#8220;\u00a0weltweit Aufmerksamkeit und \u00e4u\u00dferst positive Resonanzen eingeheimst. iTunes Charts von Japan \u00fcber Brasilien, Deutschland oder das Vereinigte K\u00f6nigreich, sowie viele Konzerte und Festivalauftritte u.a. in Deutschland, Polen, Kanada, Schweiz und Asien zeugen von der begeisterten Aufnahme im Jazzcircuit.\u00a0Mit dem brandneuen Album\u00a0&#8222;Solace&#8220; haben sie ihr Duo-Konzept noch weiter verfeinert: wuchtig und intim, erz\u00e4hlerisch und romantisch, minimal, gelegentlich sogar psychedelisch, aber immer spielerisch befreit und spontan. Nun kommt das\u00a0\u201e&#8230; kleinste Orchester der Welt&#8230;\u201c nach Hof und nimmt die Besucher mit auf eine Reise voller Vitalit\u00e4t, Phantasie und Kraft.\u00a0Um dieses einzigartige Konzert an einem au\u00dfergew\u00f6hnlichen Ort in unser Stadt stattfinden zu lassen, findet es im Festsaal der Freiheitshalle mit seinem exzellenten Fl\u00fcgel und einer hervorragenden Akustik statt. Dank der Unterst\u00fctzung durch das <strong>Kulturamt der Stadt<\/strong> <strong>Hof <\/strong>und der <strong>Freiheitshalle Hof<\/strong> k\u00f6nnen wir dieses besondere Konzert mit einem der virtuosesten, wichtigsten aktuellen Jazzpianisten der Welt hier anbieten. Herzliche Einladung &#8211; wir freuen uns auf Sie!<\/p>\n\n\n\n<p><strong><em>Pressestimmen:<\/em><\/strong><\/p>\n\n\n\n<p><em>&#8222;One of the most powerful and extremely creative solo pianists of our time.&#8220;<\/em><em><\/em><\/p>\n\n\n\n<p><em>&#8222;Like no other contemporary pianists, he can make jazz sound from blues to post-modern, modal explosion of improvisation to classical forms, breaking the already artificial barrier between classical music and jazz.<\/em><em>\u201d<\/em><em><\/em><\/p>\n\n\n\n<p><em>\u201c<\/em><em>He is a long lost descendant of Schumann, Debussy and Grieg, contemporary master of small forms, who pulled jazz to the rank of <\/em><em>\u201c<\/em><em>the second classical music<\/em><em>\u201c <\/em><em>in music history.<\/em><em><\/em><\/p>\n\n\n\n<p><em>Vladyslav Sendecki originates &#8222;The tradition of European classical piano with echoes of American stride. However, everything is permeated by the spirit of broad Polishness, Slavic, one might say, Chopin like phrase and truly moving lyricism.<\/em><em>\u201d \u00a0 <\/em><\/p>\n\n\n\n<p><strong><em>Mehr Information:<\/em><\/strong><\/p>\n\n\n\n<p><a href=\"http:\/\/www.sendecki-spiegel.de\">www.sendecki-spiegel.de<\/a><\/p>\n<h3>Related Images:<\/h3>","protected":false},"excerpt":{"rendered":"<p>Sendecki &#038; Spiegel (Foto: Hof Jazz Nights) Die Hof Jazz Nights gehen dieses Jahr in die 2. Runde und laden in die geschichtstr\u00e4chtige Freiheitshalle ein: am Sonntag, dem 2. Juni 2024 um 19:00 Uhr kommt das Duo &#8222;Sendecki &amp; Spiegel&#8220; in den Festsaal der gro\u00dfen Hofer Veranstaltungshalle. Bei diesem Duo\u00a0haben sich zwei ebenso profilierte wie&#8230; <\/p>\n<div class=\"read-more navbutton\"><a href=\"https:\/\/tkv-hochfranken.de\/index.php\/2024\/06\/01\/sendecki-spiegel-am-sonntag-dem-2-juni-bei-den-hof-jazz-nights-im-festsaal-der-freiheitshalle\/\">Read More<i class=\"fa fa-angle-double-right\"><\/i><\/a><\/div>\n","protected":false},"author":1,"featured_media":0,"comment_status":"closed","ping_status":"","sticky":false,"template":"","format":"standard","meta":{"ngg_post_thumbnail":0,"footnotes":""},"categories":[1],"tags":[],"class_list":["post-2630","post","type-post","status-publish","format-standard","hentry","category-allgemein"],"_links":{"self":[{"href":"https:\/\/tkv-hochfranken.de\/index.php\/wp-json\/wp\/v2\/posts\/2630","targetHints":{"allow":["GET"]}}],"collection":[{"href":"https:\/\/tkv-hochfranken.de\/index.php\/wp-json\/wp\/v2\/posts"}],"about":[{"href":"https:\/\/tkv-hochfranken.de\/index.php\/wp-json\/wp\/v2\/types\/post"}],"author":[{"embeddable":true,"href":"https:\/\/tkv-hochfranken.de\/index.php\/wp-json\/wp\/v2\/users\/1"}],"replies":[{"embeddable":true,"href":"https:\/\/tkv-hochfranken.de\/index.php\/wp-json\/wp\/v2\/comments?post=2630"}],"version-history":[{"count":3,"href":"https:\/\/tkv-hochfranken.de\/index.php\/wp-json\/wp\/v2\/posts\/2630\/revisions"}],"predecessor-version":[{"id":2633,"href":"https:\/\/tkv-hochfranken.de\/index.php\/wp-json\/wp\/v2\/posts\/2630\/revisions\/2633"}],"wp:attachment":[{"href":"https:\/\/tkv-hochfranken.de\/index.php\/wp-json\/wp\/v2\/media?parent=2630"}],"wp:term":[{"taxonomy":"category","embeddable":true,"href":"https:\/\/tkv-hochfranken.de\/index.php\/wp-json\/wp\/v2\/categories?post=2630"},{"taxonomy":"post_tag","embeddable":true,"href":"https:\/\/tkv-hochfranken.de\/index.php\/wp-json\/wp\/v2\/tags?post=2630"}],"curies":[{"name":"wp","href":"https:\/\/api.w.org\/{rel}","templated":true}]}}