{"id":2650,"date":"2024-06-11T21:19:46","date_gmt":"2024-06-11T19:19:46","guid":{"rendered":"https:\/\/tkv-hochfranken.de\/?p=2650"},"modified":"2024-06-11T21:54:35","modified_gmt":"2024-06-11T19:54:35","slug":"finale-der-2-hof-jazz-nights-mit-the-crackers","status":"publish","type":"post","link":"https:\/\/tkv-hochfranken.de\/index.php\/2024\/06\/11\/finale-der-2-hof-jazz-nights-mit-the-crackers\/","title":{"rendered":"Finale der 2. HOF JAZZ NIGHTS mit &#8222;The Crackers&#8220;"},"content":{"rendered":"\n<figure class=\"wp-block-image size-large\"><img fetchpriority=\"high\" decoding=\"async\" width=\"1024\" height=\"946\" src=\"https:\/\/tkv-hochfranken.de\/wp-content\/uploads\/2024\/06\/Crackers1-1024x946.jpg\" alt=\"\" class=\"wp-image-2656\" srcset=\"https:\/\/tkv-hochfranken.de\/wp-content\/uploads\/2024\/06\/Crackers1-1024x946.jpg 1024w, https:\/\/tkv-hochfranken.de\/wp-content\/uploads\/2024\/06\/Crackers1-300x277.jpg 300w, https:\/\/tkv-hochfranken.de\/wp-content\/uploads\/2024\/06\/Crackers1-768x710.jpg 768w, https:\/\/tkv-hochfranken.de\/wp-content\/uploads\/2024\/06\/Crackers1-1536x1420.jpg 1536w, https:\/\/tkv-hochfranken.de\/wp-content\/uploads\/2024\/06\/Crackers1-2048x1893.jpg 2048w\" sizes=\"(max-width: 1024px) 100vw, 1024px\" \/><\/figure>\n\n\n\n<p>Nach nur zwei Jahren hat sich Hof dank der Arbeit des <strong>Gesamtleiters<\/strong> <strong>Slawek Dudar <\/strong>zu einer Top-Adresse f\u00fcr den Jazz herausgestellt. Alle Veranstaltungen der &#8222;<strong>2. Hof Jazz Nights<\/strong>&#8220; waren gro\u00dfe Erfolge mit Standing Ovations f\u00fcr internationale Stars. Der Hipe konnte sich ebenso positiv auf die lokale Jazz-Szene auswirken und es gibt erste vorsichtige Statements zu einer vom Publikum immer wieder erfragten Fortsetzung.<\/p>\n\n\n\n<p>Am <strong>Sonntag<\/strong>, dem <strong>16. Juni 2024<\/strong> veranstaltet der <strong>Tonk\u00fcnstlerverband Hochfranken e.V.<\/strong> nun sein <strong>Finale <\/strong>der &#8222;<strong>2. Hof Jazz Nights<\/strong>&#8222;, die sich unter der Gesamtleitung von <strong>Slawek Dudar <\/strong>\u00fcber mehrere Monate dieses Jahres erstreckten. Dank der Unterst\u00fctzung der <strong>Stadt Hof<\/strong> und dem <strong>Kulturamt der Stadt Hof<\/strong> unter der Leitung von <strong>Peter N\u00fcrmberger<\/strong> findet das Abschlusskonzert nochmals im <strong>Festsaal der Freiheitshalle Hof <\/strong>statt.<\/p>\n\n\n\n<p>Das Finale bringt &#8218;<strong>The Crackers<\/strong>&#8218; auf die Hofer B\u00fchne &#8211; gehandelt als &#8222;&#8230; the best Polish Funk &amp; Soul Band..&#8220; und bestehend aus acht (!) Mitgliedern. Die Band ist auf Jubil\u00e4umstour (25 Jahre) durch Europa und besticht durch eine charismatische S\u00e4ngerin, eine dreik\u00f6pfige Bl\u00e4sersektion, lyrische E-Gitarre und der Rhythmusgruppe. Wer jazztypische Improvisationen mag, wird ebenso auf seine Kosten kommen, wie Freunde mitrei\u00dfender B\u00fchnenshows und Humor.<\/p>\n\n\n\n<p>Hunderte Konzerte im In- und Ausland hat die Band auf kleineren und gr\u00f6\u00dferen prestigetr\u00e4chtigen B\u00fchnen gegeben, sowohl in Jazzclubs, als auch bei Stadtfesten und Jazzfestivals, wie z.B. &#8218;Koblenzer Jazzfestival&#8216; (Deutschland), &#8218;Gladbecker Jazzfest&#8216; (Deutschland), &#8218;Jazz nad Odr\u0105 Jazz Festival&#8216; (Wroclaw &#8211; Polen), &#8218;G\u0142og\u00f3w Jazz Festival&#8216; (PL) oder in Lviv (Lemberg, Ukraine) als Vertreter der Stadt Wroclaw<br>vor einem Publikum von f\u00fcnfzigtausend Menschen im Rahmen der Orangenen Revolution. Zudem traten Sie zusammen mit US-3, Joe Satriani, George Clinton, Randy Brecker, Marla Glen, Carlos Johnson u.a. auf.<\/p>\n\n\n\n<figure class=\"wp-block-image size-large\"><img decoding=\"async\" width=\"1024\" height=\"748\" src=\"https:\/\/tkv-hochfranken.de\/wp-content\/uploads\/2024\/06\/Crackers2-1024x748.jpg\" alt=\"\" class=\"wp-image-2657\" srcset=\"https:\/\/tkv-hochfranken.de\/wp-content\/uploads\/2024\/06\/Crackers2-1024x748.jpg 1024w, https:\/\/tkv-hochfranken.de\/wp-content\/uploads\/2024\/06\/Crackers2-300x219.jpg 300w, https:\/\/tkv-hochfranken.de\/wp-content\/uploads\/2024\/06\/Crackers2-768x561.jpg 768w, https:\/\/tkv-hochfranken.de\/wp-content\/uploads\/2024\/06\/Crackers2-1536x1122.jpg 1536w, https:\/\/tkv-hochfranken.de\/wp-content\/uploads\/2024\/06\/Crackers2-2048x1495.jpg 2048w\" sizes=\"(max-width: 1024px) 100vw, 1024px\" \/><\/figure>\n\n\n\n<p>Die Band:<\/p>\n\n\n\n<p>Asia &#8222;Kwa\u015bna&#8220; Kwa\u015bnik &#8211; Vocals (Gesang)<br>Krzysztof &#8222;Kris-Borowka&#8220; Borowicz &#8211; Keys (Piano) (&#8230;)<br>Zbigniew &#8222;Zbylu&#8220; Nowak &#8211; Guitars (Gitarren)<br>Andrzej &#8222;Szary&#8220; Szeremet &#8211; Guitars (Gitarren)<br>Sebastian &#8222;Bastek&#8220; Ragiel &#8211; Basses (B\u00e4sse)<br>Daniel &#8222;Danek&#8220; Kraus &#8211; Alto Saxophone (Altsaxophon)<br>Jan Chojnacki &#8211; Trumpet (Trompete)<br>Bartosz &#8222;Szachrajka&#8220; Niebielecki &#8211; Drums (Schlagzeug)<\/p>\n\n\n\n<p><\/p>\n\n\n\n<p><strong>FINALE &#8222;2. Hof Jazz Nights&#8220; 2024: <\/strong><\/p>\n\n\n\n<p>Sonntag 16. Juni um 19 Uhr \/\/\/ THE CRACKERS &#8211; The best polish Funk &amp; Soul Band\/\/\/<\/p>\n\n\n\n<p>25-Jahre-Jubil\u00e4umstour quer durch Europa!  <br><\/p>\n\n\n\n<p><strong>Festsaal<\/strong> der <strong>Freiheitshalle Hof<\/strong>! Eintritt <strong>15,-\u20ac<\/strong>  &#8211; Sie m\u00fcssen dabei sein &#8211; Party &amp; Tanzen bei Funk &amp; Soul <br><br>www.thecrackersband.pl<br><br><br>Aus einem Konzert in Dresdens &#8222;Tante Ju&#8220; am 1. M\u00e4rz 2024:<br>\u201eEs ist genau so wie ich es mir vorgestellt h\u00e4tte. The Crackers live in der &#8222;Tante Ju&#8220; Dresden am gestrigen<br>stra\u00dfenbahnfreien Freitag. Funkig und soulig ohne Ende mit schwei\u00dfteibendem Drive. Fetter Bl\u00e4sersatz,<br>messerscharfe Rhythmusgitarre, tolle Gitarrensoli, percussiver Bass, ganz rasanter Taster und die Bl\u00e4ser<br>sind alle 4 auch Solisten. Der Drummer hat den Tick nach vorne, wie mit der Peitsche antreibend und S\u00e4ngerin und S\u00e4nger sch\u00f6n zweistimmig, sie eine R\u00f6hre, die alle Nuancen auszuloten vermochte, er grundsolide. Bei den gef\u00fchlvollen Balladen ist Joanna Kwasnik vortrefflich in der Lage, ihre stimmlichen Qualit\u00e4ten auszureizen, so sehr, dass ich gestehen muss, dass mir Tr\u00e4nen in die Augen traten. Voller Treffer, diese Breslauer Vollblutmusikanten, aus der Geburtsstadt meines Vaters. Hier h\u00e4lst Du die<br>Hufe nicht still. Geht nicht. The Crackers, ein Name zum sich merken!\u201d<\/p>\n<h3>Related Images:<\/h3>","protected":false},"excerpt":{"rendered":"<p>Nach nur zwei Jahren hat sich Hof dank der Arbeit des Gesamtleiters Slawek Dudar zu einer Top-Adresse f\u00fcr den Jazz herausgestellt. Alle Veranstaltungen der &#8222;2. Hof Jazz Nights&#8220; waren gro\u00dfe Erfolge mit Standing Ovations f\u00fcr internationale Stars. Der Hipe konnte sich ebenso positiv auf die lokale Jazz-Szene auswirken und es gibt erste vorsichtige Statements zu&#8230; <\/p>\n<div class=\"read-more navbutton\"><a href=\"https:\/\/tkv-hochfranken.de\/index.php\/2024\/06\/11\/finale-der-2-hof-jazz-nights-mit-the-crackers\/\">Read More<i class=\"fa fa-angle-double-right\"><\/i><\/a><\/div>\n","protected":false},"author":1,"featured_media":0,"comment_status":"closed","ping_status":"","sticky":false,"template":"","format":"standard","meta":{"ngg_post_thumbnail":0,"footnotes":""},"categories":[1],"tags":[],"class_list":["post-2650","post","type-post","status-publish","format-standard","hentry","category-allgemein"],"_links":{"self":[{"href":"https:\/\/tkv-hochfranken.de\/index.php\/wp-json\/wp\/v2\/posts\/2650","targetHints":{"allow":["GET"]}}],"collection":[{"href":"https:\/\/tkv-hochfranken.de\/index.php\/wp-json\/wp\/v2\/posts"}],"about":[{"href":"https:\/\/tkv-hochfranken.de\/index.php\/wp-json\/wp\/v2\/types\/post"}],"author":[{"embeddable":true,"href":"https:\/\/tkv-hochfranken.de\/index.php\/wp-json\/wp\/v2\/users\/1"}],"replies":[{"embeddable":true,"href":"https:\/\/tkv-hochfranken.de\/index.php\/wp-json\/wp\/v2\/comments?post=2650"}],"version-history":[{"count":4,"href":"https:\/\/tkv-hochfranken.de\/index.php\/wp-json\/wp\/v2\/posts\/2650\/revisions"}],"predecessor-version":[{"id":2661,"href":"https:\/\/tkv-hochfranken.de\/index.php\/wp-json\/wp\/v2\/posts\/2650\/revisions\/2661"}],"wp:attachment":[{"href":"https:\/\/tkv-hochfranken.de\/index.php\/wp-json\/wp\/v2\/media?parent=2650"}],"wp:term":[{"taxonomy":"category","embeddable":true,"href":"https:\/\/tkv-hochfranken.de\/index.php\/wp-json\/wp\/v2\/categories?post=2650"},{"taxonomy":"post_tag","embeddable":true,"href":"https:\/\/tkv-hochfranken.de\/index.php\/wp-json\/wp\/v2\/tags?post=2650"}],"curies":[{"name":"wp","href":"https:\/\/api.w.org\/{rel}","templated":true}]}}