{"id":2652,"date":"2024-06-11T21:20:48","date_gmt":"2024-06-11T19:20:48","guid":{"rendered":"https:\/\/tkv-hochfranken.de\/?p=2652"},"modified":"2025-01-09T22:21:34","modified_gmt":"2025-01-09T21:21:34","slug":"45-klangspuren-als-matinee-in-rehau","status":"publish","type":"post","link":"https:\/\/tkv-hochfranken.de\/index.php\/2024\/06\/11\/45-klangspuren-als-matinee-in-rehau\/","title":{"rendered":"45. KLANGSPUREN: Traditionsreiche Konzertreihe mit besonderen G\u00e4sten kommt als Matin\u00e9e in das alte Rehauer Rathaus"},"content":{"rendered":"\n<figure class=\"wp-block-image size-large\"><img fetchpriority=\"high\" decoding=\"async\" width=\"768\" height=\"1024\" src=\"https:\/\/tkv-hochfranken.de\/wp-content\/uploads\/2024\/06\/TKV-Sonderpreis-Jeroen-Sigl-768x1024.jpg\" alt=\"\" class=\"wp-image-2664\" srcset=\"https:\/\/tkv-hochfranken.de\/wp-content\/uploads\/2024\/06\/TKV-Sonderpreis-Jeroen-Sigl-768x1024.jpg 768w, https:\/\/tkv-hochfranken.de\/wp-content\/uploads\/2024\/06\/TKV-Sonderpreis-Jeroen-Sigl-225x300.jpg 225w, https:\/\/tkv-hochfranken.de\/wp-content\/uploads\/2024\/06\/TKV-Sonderpreis-Jeroen-Sigl-1152x1536.jpg 1152w, https:\/\/tkv-hochfranken.de\/wp-content\/uploads\/2024\/06\/TKV-Sonderpreis-Jeroen-Sigl.jpg 1500w\" sizes=\"(max-width: 768px) 100vw, 768px\" \/><figcaption class=\"wp-element-caption\">Der junge Gitarrist und &#8222;Florestan und Eusebius-Preistr\u00e4ger&#8220; 2024 Jeroen Sigl (Foto: Jens Gottl\u00f6ber)<\/figcaption><\/figure>\n\n\n\n<p>Unter der sicheren Leitung von Pianistin <strong>Yasuko Sugimoto-Shestiperov<\/strong> veranstaltet der Tonk\u00fcnstlerverband Hochfranken e.V. zum <strong>45. Mal<\/strong> seine traditionsreiche Konzertreihe &#8222;<strong>Klangspuren<\/strong>&#8220; mit musikalischen Darbietungen vorwiegend von Mitgliedern des Berufsverbandes. Dazu gesellen sich dieses Mal drei <strong>Preistr\u00e4ger <\/strong>des &#8222;<strong>Florestan und Eusebius-Preises<\/strong>&#8222;, den der TKV regelm\u00e4\u00dfig f\u00fcr junge Talente des Regionalwettbewerbs &#8222;Jugend Musiziert&#8220; Hochfranken auslobt: <strong>Dana Sch\u00f6rner<\/strong> (Preistr\u00e4gerin 2020, Klavier), <strong>Henrike Neumann<\/strong> (Preistr\u00e4gerin 2023, Klavier) und <strong>Jeroen Sigl<\/strong> (Preistr\u00e4ger 2024, Gitarre). Die jungen Talente spielen mit <strong>bekannten K\u00fcnstlern der Region<\/strong> und es erklingen Werke von Beethoven, Chopin, Messiaen, Paradis und Ungerank. Das Konzert findet in <strong>Rehau<\/strong> statt wird als <strong>Matin\u00e9e 11:00 Uhr<\/strong> im Festsaal <strong>Museum am Maxplatz (Altes Rathaus)<\/strong> stattfinden. Der Eintritt ist frei, um Spenden wird gebeten. Herzliche Einladung!<\/p>\n<h3>Related Images:<\/h3>","protected":false},"excerpt":{"rendered":"<p>Der junge Gitarrist und &#8222;Florestan und Eusebius-Preistr\u00e4ger&#8220; 2024 Jeroen Sigl (Foto: Jens Gottl\u00f6ber) Unter der sicheren Leitung von Pianistin Yasuko Sugimoto-Shestiperov veranstaltet der Tonk\u00fcnstlerverband Hochfranken e.V. zum 45. Mal seine traditionsreiche Konzertreihe &#8222;Klangspuren&#8220; mit musikalischen Darbietungen vorwiegend von Mitgliedern des Berufsverbandes. Dazu gesellen sich dieses Mal drei Preistr\u00e4ger des &#8222;Florestan und Eusebius-Preises&#8222;, den der TKV&#8230; <\/p>\n<div class=\"read-more navbutton\"><a href=\"https:\/\/tkv-hochfranken.de\/index.php\/2024\/06\/11\/45-klangspuren-als-matinee-in-rehau\/\">Read More<i class=\"fa fa-angle-double-right\"><\/i><\/a><\/div>\n","protected":false},"author":1,"featured_media":0,"comment_status":"closed","ping_status":"","sticky":false,"template":"","format":"standard","meta":{"ngg_post_thumbnail":0,"footnotes":""},"categories":[1],"tags":[],"class_list":["post-2652","post","type-post","status-publish","format-standard","hentry","category-allgemein"],"_links":{"self":[{"href":"https:\/\/tkv-hochfranken.de\/index.php\/wp-json\/wp\/v2\/posts\/2652","targetHints":{"allow":["GET"]}}],"collection":[{"href":"https:\/\/tkv-hochfranken.de\/index.php\/wp-json\/wp\/v2\/posts"}],"about":[{"href":"https:\/\/tkv-hochfranken.de\/index.php\/wp-json\/wp\/v2\/types\/post"}],"author":[{"embeddable":true,"href":"https:\/\/tkv-hochfranken.de\/index.php\/wp-json\/wp\/v2\/users\/1"}],"replies":[{"embeddable":true,"href":"https:\/\/tkv-hochfranken.de\/index.php\/wp-json\/wp\/v2\/comments?post=2652"}],"version-history":[{"count":6,"href":"https:\/\/tkv-hochfranken.de\/index.php\/wp-json\/wp\/v2\/posts\/2652\/revisions"}],"predecessor-version":[{"id":2986,"href":"https:\/\/tkv-hochfranken.de\/index.php\/wp-json\/wp\/v2\/posts\/2652\/revisions\/2986"}],"wp:attachment":[{"href":"https:\/\/tkv-hochfranken.de\/index.php\/wp-json\/wp\/v2\/media?parent=2652"}],"wp:term":[{"taxonomy":"category","embeddable":true,"href":"https:\/\/tkv-hochfranken.de\/index.php\/wp-json\/wp\/v2\/categories?post=2652"},{"taxonomy":"post_tag","embeddable":true,"href":"https:\/\/tkv-hochfranken.de\/index.php\/wp-json\/wp\/v2\/tags?post=2652"}],"curies":[{"name":"wp","href":"https:\/\/api.w.org\/{rel}","templated":true}]}}