{"id":2677,"date":"2024-06-17T21:35:47","date_gmt":"2024-06-17T19:35:47","guid":{"rendered":"https:\/\/tkv-hochfranken.de\/?p=2677"},"modified":"2024-06-18T00:42:59","modified_gmt":"2024-06-17T22:42:59","slug":"tolles-konzert-in-beruehmtem-saal","status":"publish","type":"post","link":"https:\/\/tkv-hochfranken.de\/index.php\/2024\/06\/17\/tolles-konzert-in-beruehmtem-saal\/","title":{"rendered":"Tolles Konzert in ber\u00fchmtem Saal"},"content":{"rendered":"\n<figure class=\"wp-block-image size-large\"><img fetchpriority=\"high\" decoding=\"async\" width=\"1024\" height=\"819\" src=\"https:\/\/tkv-hochfranken.de\/wp-content\/uploads\/2024\/06\/11-klein-1024x819.jpg\" alt=\"\" class=\"wp-image-2683\" srcset=\"https:\/\/tkv-hochfranken.de\/wp-content\/uploads\/2024\/06\/11-klein-1024x819.jpg 1024w, https:\/\/tkv-hochfranken.de\/wp-content\/uploads\/2024\/06\/11-klein-300x240.jpg 300w, https:\/\/tkv-hochfranken.de\/wp-content\/uploads\/2024\/06\/11-klein-768x614.jpg 768w, https:\/\/tkv-hochfranken.de\/wp-content\/uploads\/2024\/06\/11-klein-1536x1229.jpg 1536w, https:\/\/tkv-hochfranken.de\/wp-content\/uploads\/2024\/06\/11-klein.jpg 1600w\" sizes=\"(max-width: 1024px) 100vw, 1024px\" \/><figcaption class=\"wp-element-caption\">projects4cellos mit Thilo Andersson, Harald Oeler und Christopher von Mammen nach ihrem Konzert im Kammermusiksaal der Internationalen Musikbegegnungsst\u00e4tte Haus Marteau in Lichtenberg (Foto: projects4cellos)<\/figcaption><\/figure>\n\n\n\n<p>Ein tolles Feedback gab es nach dem Konzert von &#8218;<strong>projects4cellos (&#8222;Die Vier EvangCellisten&#8220;) &amp; friends<\/strong>&#8218; im ber\u00fchmten <strong>Kammermusiksaal<\/strong> der <strong>Internationalen Musikbegegnungsst\u00e4tte &#8218;Haus Marteau&#8216;<\/strong> in Lichtenberg. Das Konzert innerhalb der bayerischen F\u00f6rderung durch <strong>Tonk\u00fcnstler Live Spezial<\/strong> fand am 16. Juni 2024 um 17:00 Uhr statt und bot neben dem original besetzten Celloquartett (<strong>Lukas Dihle, Hanno Riehmann, Mathias Beyer <\/strong>und <strong>Markus Jung<\/strong>) drei musikalische G\u00e4ste: den S\u00e4nger <strong>Thilo Andersson<\/strong>, den Akkordeonisten <strong>Harald Oeler <\/strong>und den Saxofonisten <strong>Christopher von Mammen<\/strong>. Im ersten Teil des Konzertes erklangen instrumentale Arrangements aus Oper und Operette (Puccini, Leh\u00e1r, Bizet&#8230;), im zweiten Teil folgten Bearbeitungen aus Jazz und Tango (Duke, Desmond, Galliano&#8230;), gr\u00f6\u00dftenteils mit den zuvor genannten G\u00e4sten. Diese Veranstaltung war eine der beliebten, inzwischen h\u00e4ufigeren Quartettkonzerte mit &#8222;expandierter Spielerzahl&#8220;, die sehr gut beim Publikum ankommt und den Gedanken und Zielen von projects4cellos entspricht. Besonders in Hochfranken musizieren seit Jahren viele befreundete Instrumentalisten bei den regelm\u00e4\u00dfigen Konzerten des Ensembles mit. Zuletzt geschah dies im Rosenthal-Theater Selb mit dreizehn Musikern (neun G\u00e4sten), darunter allein zehn Cellisten. Dort feierte das Ensemble sein f\u00fcnfzehnj\u00e4hriges Bestehen mit den seit Gr\u00fcndung agierenden &#8222;Originalen&#8220; aus der Musikhochschule &#8218;Franz Liszt&#8216; in Weimar. Das n\u00e4chste Konzert findet am 26. Juli 2024 in Hannover (Zach\u00e4uskirche) statt und ist ein weiteres Jubil\u00e4um &#8211; das 200. Konzert der vier Cellisten! Herzliche Einladung dazu und vielen Dank f\u00fcr die Unterst\u00fctzung vor Ort durch den <strong>Tonk\u00fcntlerverband Hochfranken e.V.<\/strong>, den <strong>Bayerischen Tonk\u00fcnstlerverband e.V.<\/strong>, den <strong>Freistaat Bayern<\/strong> und seine <strong>Projektf\u00f6rderung Tonk\u00fcnstler Live Spezial<\/strong> sowie das Team der <strong>Internationalen Musikbegegnungsst\u00e4tte Haus Marteau in Lichtenberg<\/strong>!<\/p>\n<h3>Related Images:<\/h3>","protected":false},"excerpt":{"rendered":"<p>projects4cellos mit Thilo Andersson, Harald Oeler und Christopher von Mammen nach ihrem Konzert im Kammermusiksaal der Internationalen Musikbegegnungsst\u00e4tte Haus Marteau in Lichtenberg (Foto: projects4cellos) Ein tolles Feedback gab es nach dem Konzert von &#8218;projects4cellos (&#8222;Die Vier EvangCellisten&#8220;) &amp; friends&#8218; im ber\u00fchmten Kammermusiksaal der Internationalen Musikbegegnungsst\u00e4tte &#8218;Haus Marteau&#8216; in Lichtenberg. Das Konzert innerhalb der bayerischen F\u00f6rderung&#8230; <\/p>\n<div class=\"read-more navbutton\"><a href=\"https:\/\/tkv-hochfranken.de\/index.php\/2024\/06\/17\/tolles-konzert-in-beruehmtem-saal\/\">Read More<i class=\"fa fa-angle-double-right\"><\/i><\/a><\/div>\n","protected":false},"author":1,"featured_media":0,"comment_status":"closed","ping_status":"","sticky":false,"template":"","format":"standard","meta":{"ngg_post_thumbnail":0,"footnotes":""},"categories":[1],"tags":[],"class_list":["post-2677","post","type-post","status-publish","format-standard","hentry","category-allgemein"],"_links":{"self":[{"href":"https:\/\/tkv-hochfranken.de\/index.php\/wp-json\/wp\/v2\/posts\/2677","targetHints":{"allow":["GET"]}}],"collection":[{"href":"https:\/\/tkv-hochfranken.de\/index.php\/wp-json\/wp\/v2\/posts"}],"about":[{"href":"https:\/\/tkv-hochfranken.de\/index.php\/wp-json\/wp\/v2\/types\/post"}],"author":[{"embeddable":true,"href":"https:\/\/tkv-hochfranken.de\/index.php\/wp-json\/wp\/v2\/users\/1"}],"replies":[{"embeddable":true,"href":"https:\/\/tkv-hochfranken.de\/index.php\/wp-json\/wp\/v2\/comments?post=2677"}],"version-history":[{"count":3,"href":"https:\/\/tkv-hochfranken.de\/index.php\/wp-json\/wp\/v2\/posts\/2677\/revisions"}],"predecessor-version":[{"id":2686,"href":"https:\/\/tkv-hochfranken.de\/index.php\/wp-json\/wp\/v2\/posts\/2677\/revisions\/2686"}],"wp:attachment":[{"href":"https:\/\/tkv-hochfranken.de\/index.php\/wp-json\/wp\/v2\/media?parent=2677"}],"wp:term":[{"taxonomy":"category","embeddable":true,"href":"https:\/\/tkv-hochfranken.de\/index.php\/wp-json\/wp\/v2\/categories?post=2677"},{"taxonomy":"post_tag","embeddable":true,"href":"https:\/\/tkv-hochfranken.de\/index.php\/wp-json\/wp\/v2\/tags?post=2677"}],"curies":[{"name":"wp","href":"https:\/\/api.w.org\/{rel}","templated":true}]}}