{"id":2693,"date":"2024-06-25T23:22:42","date_gmt":"2024-06-25T21:22:42","guid":{"rendered":"https:\/\/tkv-hochfranken.de\/?p=2693"},"modified":"2025-01-09T22:19:19","modified_gmt":"2025-01-09T21:19:19","slug":"workshop-mit-star-gambistin-hille-perl","status":"publish","type":"post","link":"https:\/\/tkv-hochfranken.de\/index.php\/2024\/06\/25\/workshop-mit-star-gambistin-hille-perl\/","title":{"rendered":"Workshop mit Star-Gambistin Hille Perl"},"content":{"rendered":"\n<figure class=\"wp-block-image size-large\"><img fetchpriority=\"high\" decoding=\"async\" width=\"1024\" height=\"768\" src=\"https:\/\/tkv-hochfranken.de\/wp-content\/uploads\/2024\/06\/Hille-Perl-23.6.24-21-1024x768.jpg\" alt=\"\" class=\"wp-image-2691\" srcset=\"https:\/\/tkv-hochfranken.de\/wp-content\/uploads\/2024\/06\/Hille-Perl-23.6.24-21-1024x768.jpg 1024w, https:\/\/tkv-hochfranken.de\/wp-content\/uploads\/2024\/06\/Hille-Perl-23.6.24-21-300x225.jpg 300w, https:\/\/tkv-hochfranken.de\/wp-content\/uploads\/2024\/06\/Hille-Perl-23.6.24-21-768x576.jpg 768w, https:\/\/tkv-hochfranken.de\/wp-content\/uploads\/2024\/06\/Hille-Perl-23.6.24-21-1536x1152.jpg 1536w, https:\/\/tkv-hochfranken.de\/wp-content\/uploads\/2024\/06\/Hille-Perl-23.6.24-21.jpg 2000w\" sizes=\"(max-width: 1024px) 100vw, 1024px\" \/><figcaption class=\"wp-element-caption\">Hille Perl und die Kursteilnehmer pr\u00e4sentieren ihre Gamben (Foto: Jens Gottl\u00f6ber)<\/figcaption><\/figure>\n\n\n\n<p>Der <strong>Tonk\u00fcnstlerverband Hochfranken e.V.<\/strong> ist gl\u00fccklich \u00fcber seine Kooperation beim internen <strong>Gambenworkshop<\/strong> mit der international gefeierten <strong>Hille Perl<\/strong>! Seit vielen Jahren kommt die <strong>Star-Gambistin<\/strong> nach <strong>Hof<\/strong> und trifft dort auf eine \u00fcberraschend hohe Anzahl an interessierten Musikern f\u00fcr das nicht allt\u00e4gliche, alte Streichinstrument. Es existiert in verschiedenen Gr\u00f6\u00dfen und bietet damit ein gemeinsames Musikerlebnis, das am ehesten mit dem eines Streichquartetts verglichen werden kann. Musikalisch bewegt man sich zumeist in der Zeit bis zum Barock &#8211; vor allem aber fr\u00fcher. Danach wurde die Gambe kompositorisch von Bratschen und Celli verdr\u00e4ngt und geriet aus der Mode und damit in Vergessenheit. So langsam erinnert man sich nun aber auch au\u00dferhalb der Profis f\u00fcr Alte Musik wieder an den eigenen, weichen Klang des vielsaitigen Instrumentes, f\u00fcr das der Tonk\u00fcnstlerverband Hochfranken e.V. Interesse und Unterst\u00fctzung bot &#8211; und weiterhin bieten will. Ein besonderer Dank geht auch an die <strong>Hofer Symphoniker<\/strong>, in deren <strong>KlangManufaktur<\/strong> der Kurs vom Freitag, dem 21. Juni bis Sonntag, dem 23. Juni inklusive eines internen Abschlusskonzertes stattfinden konnte. F\u00fcnf hochfr\u00e4nkische Mitglieder haben sich der Alten Musik mit Gamben verschrieben, von denen auch vier anwesend waren. Wenn auch Sie Interesse an diesem Instrument haben oder es sogar erlernen m\u00f6chten, dann kontaktieren Sie uns bitte \u00fcber <strong>vorstand@tkv-hochfranken.de<\/strong>! Wir leiten Sie weiter. Vielen Dank auch an die wunderbare <strong>Hille Perl<\/strong> sowie die Organisatoren im Hintergrund f\u00fcr ein au\u00dferordentlich inspirierendes Wochenende!<\/p>\n\n\n\n<figure class=\"wp-block-image size-large\"><img decoding=\"async\" width=\"768\" height=\"1024\" src=\"https:\/\/tkv-hochfranken.de\/wp-content\/uploads\/2024\/06\/Hille-Perl-23.6.24-12-768x1024.jpg\" alt=\"\" class=\"wp-image-2690\" srcset=\"https:\/\/tkv-hochfranken.de\/wp-content\/uploads\/2024\/06\/Hille-Perl-23.6.24-12-768x1024.jpg 768w, https:\/\/tkv-hochfranken.de\/wp-content\/uploads\/2024\/06\/Hille-Perl-23.6.24-12-225x300.jpg 225w, https:\/\/tkv-hochfranken.de\/wp-content\/uploads\/2024\/06\/Hille-Perl-23.6.24-12-1152x1536.jpg 1152w, https:\/\/tkv-hochfranken.de\/wp-content\/uploads\/2024\/06\/Hille-Perl-23.6.24-12.jpg 1500w\" sizes=\"(max-width: 768px) 100vw, 768px\" \/><figcaption class=\"wp-element-caption\">Hille Perl im Juni 2024 in Hof (Foto: Jens Gottl\u00f6ber)<\/figcaption><\/figure>\n<h3>Related Images:<\/h3>","protected":false},"excerpt":{"rendered":"<p>Hille Perl und die Kursteilnehmer pr\u00e4sentieren ihre Gamben (Foto: Jens Gottl\u00f6ber) Der Tonk\u00fcnstlerverband Hochfranken e.V. ist gl\u00fccklich \u00fcber seine Kooperation beim internen Gambenworkshop mit der international gefeierten Hille Perl! Seit vielen Jahren kommt die Star-Gambistin nach Hof und trifft dort auf eine \u00fcberraschend hohe Anzahl an interessierten Musikern f\u00fcr das nicht allt\u00e4gliche, alte Streichinstrument. Es&#8230; <\/p>\n<div class=\"read-more navbutton\"><a href=\"https:\/\/tkv-hochfranken.de\/index.php\/2024\/06\/25\/workshop-mit-star-gambistin-hille-perl\/\">Read More<i class=\"fa fa-angle-double-right\"><\/i><\/a><\/div>\n","protected":false},"author":1,"featured_media":0,"comment_status":"closed","ping_status":"","sticky":false,"template":"","format":"standard","meta":{"ngg_post_thumbnail":0,"footnotes":""},"categories":[1],"tags":[],"class_list":["post-2693","post","type-post","status-publish","format-standard","hentry","category-allgemein"],"_links":{"self":[{"href":"https:\/\/tkv-hochfranken.de\/index.php\/wp-json\/wp\/v2\/posts\/2693","targetHints":{"allow":["GET"]}}],"collection":[{"href":"https:\/\/tkv-hochfranken.de\/index.php\/wp-json\/wp\/v2\/posts"}],"about":[{"href":"https:\/\/tkv-hochfranken.de\/index.php\/wp-json\/wp\/v2\/types\/post"}],"author":[{"embeddable":true,"href":"https:\/\/tkv-hochfranken.de\/index.php\/wp-json\/wp\/v2\/users\/1"}],"replies":[{"embeddable":true,"href":"https:\/\/tkv-hochfranken.de\/index.php\/wp-json\/wp\/v2\/comments?post=2693"}],"version-history":[{"count":2,"href":"https:\/\/tkv-hochfranken.de\/index.php\/wp-json\/wp\/v2\/posts\/2693\/revisions"}],"predecessor-version":[{"id":2985,"href":"https:\/\/tkv-hochfranken.de\/index.php\/wp-json\/wp\/v2\/posts\/2693\/revisions\/2985"}],"wp:attachment":[{"href":"https:\/\/tkv-hochfranken.de\/index.php\/wp-json\/wp\/v2\/media?parent=2693"}],"wp:term":[{"taxonomy":"category","embeddable":true,"href":"https:\/\/tkv-hochfranken.de\/index.php\/wp-json\/wp\/v2\/categories?post=2693"},{"taxonomy":"post_tag","embeddable":true,"href":"https:\/\/tkv-hochfranken.de\/index.php\/wp-json\/wp\/v2\/tags?post=2693"}],"curies":[{"name":"wp","href":"https:\/\/api.w.org\/{rel}","templated":true}]}}