{"id":2741,"date":"2024-09-03T14:28:22","date_gmt":"2024-09-03T12:28:22","guid":{"rendered":"https:\/\/tkv-hochfranken.de\/?p=2741"},"modified":"2024-09-03T14:28:22","modified_gmt":"2024-09-03T12:28:22","slug":"jens-gottloeber-eroeffnet-die-hallersteiner-nachtkonzerte-2024","status":"publish","type":"post","link":"https:\/\/tkv-hochfranken.de\/index.php\/2024\/09\/03\/jens-gottloeber-eroeffnet-die-hallersteiner-nachtkonzerte-2024\/","title":{"rendered":"Jens Gottl\u00f6ber er\u00f6ffnet die Hallersteiner Nachtkonzerte 2024"},"content":{"rendered":"\n<figure class=\"wp-block-image size-large\"><img fetchpriority=\"high\" decoding=\"async\" width=\"1024\" height=\"768\" src=\"https:\/\/tkv-hochfranken.de\/wp-content\/uploads\/2024\/09\/Foto-Jens-Gottloeber-bei-den-Hallersteiner-Nachtkonzerten-2023-Foto-TKV-Hochfranken-1024x768.jpg\" alt=\"\" class=\"wp-image-2740\" srcset=\"https:\/\/tkv-hochfranken.de\/wp-content\/uploads\/2024\/09\/Foto-Jens-Gottloeber-bei-den-Hallersteiner-Nachtkonzerten-2023-Foto-TKV-Hochfranken-1024x768.jpg 1024w, https:\/\/tkv-hochfranken.de\/wp-content\/uploads\/2024\/09\/Foto-Jens-Gottloeber-bei-den-Hallersteiner-Nachtkonzerten-2023-Foto-TKV-Hochfranken-300x225.jpg 300w, https:\/\/tkv-hochfranken.de\/wp-content\/uploads\/2024\/09\/Foto-Jens-Gottloeber-bei-den-Hallersteiner-Nachtkonzerten-2023-Foto-TKV-Hochfranken-768x576.jpg 768w, https:\/\/tkv-hochfranken.de\/wp-content\/uploads\/2024\/09\/Foto-Jens-Gottloeber-bei-den-Hallersteiner-Nachtkonzerten-2023-Foto-TKV-Hochfranken-1536x1152.jpg 1536w, https:\/\/tkv-hochfranken.de\/wp-content\/uploads\/2024\/09\/Foto-Jens-Gottloeber-bei-den-Hallersteiner-Nachtkonzerten-2023-Foto-TKV-Hochfranken.jpg 1600w\" sizes=\"(max-width: 1024px) 100vw, 1024px\" \/><figcaption class=\"wp-element-caption\">Jens Gottl\u00f6ber 2023 in Hallerstein (Foto: TKV Hochfranken)<\/figcaption><\/figure>\n\n\n\n<p>Am Samstag, den 7. September er\u00f6ffnet Gitarrist <strong>Jens Gottl\u00f6ber <\/strong>die diesj\u00e4hrigen <strong>Hallersteiner Nachtkonzerte.<\/strong> Es erklingen Werke von Bach, Giuliani, Torroba und Ungerank in einem Soloabend f\u00fcr Konzertgitarre. Gottl\u00f6ber selbst ist ein in der Region ein weit bekannter Musiker und P\u00e4dagoge, der regelm\u00e4\u00dfig bei Konzerten anzutreffen ist. Auch in diesem Jahr konnte er f\u00fcr das Er\u00f6ffnungskonzert in Hallerstein (Dorfkirche, Hallerstein 1, 95126 Schwarzenbach an der Saale) gewonnen werden. In seinem Programm erklingt auch ein Werk des nicht nur in der Region ebenfalls bekannten Gitarristen Dietmar Ungerank. Eine Veranstaltung des <strong>Tonk\u00fcnstlerverbands Hochfranken e.V.<\/strong> in Kooperation mit der <strong>Musikschule des Landkreises Hof<\/strong> und der <strong>Evangelischen Kirchengemeinde Hallerstein<\/strong> unter der Gesamtleitung von <strong>Christopher von Mammen<\/strong>. Der Eintritt kostet 12,-\u20ac, die Konzerte beginnen 21:00Uhr und enden 22:00 Uhr. Auch dieses Jahr wieder eine herzliche Einladung in den Stadtteil Hallerstein der hochfr\u00e4nkischen Stadt Schwarzenbach an der Saale!<\/p>\n\n\n\n<figure class=\"wp-block-image size-large\"><img decoding=\"async\" width=\"819\" height=\"1024\" src=\"https:\/\/tkv-hochfranken.de\/wp-content\/uploads\/2024\/08\/Plakat-2024-819x1024.jpg\" alt=\"\" class=\"wp-image-2713\" srcset=\"https:\/\/tkv-hochfranken.de\/wp-content\/uploads\/2024\/08\/Plakat-2024-819x1024.jpg 819w, https:\/\/tkv-hochfranken.de\/wp-content\/uploads\/2024\/08\/Plakat-2024-240x300.jpg 240w, https:\/\/tkv-hochfranken.de\/wp-content\/uploads\/2024\/08\/Plakat-2024-768x960.jpg 768w, https:\/\/tkv-hochfranken.de\/wp-content\/uploads\/2024\/08\/Plakat-2024-1229x1536.jpg 1229w, https:\/\/tkv-hochfranken.de\/wp-content\/uploads\/2024\/08\/Plakat-2024-1638x2048.jpg 1638w, https:\/\/tkv-hochfranken.de\/wp-content\/uploads\/2024\/08\/Plakat-2024-scaled.jpg 2048w\" sizes=\"(max-width: 819px) 100vw, 819px\" \/><\/figure>\n<h3>Related Images:<\/h3>","protected":false},"excerpt":{"rendered":"<p>Jens Gottl\u00f6ber 2023 in Hallerstein (Foto: TKV Hochfranken) Am Samstag, den 7. September er\u00f6ffnet Gitarrist Jens Gottl\u00f6ber die diesj\u00e4hrigen Hallersteiner Nachtkonzerte. Es erklingen Werke von Bach, Giuliani, Torroba und Ungerank in einem Soloabend f\u00fcr Konzertgitarre. Gottl\u00f6ber selbst ist ein in der Region ein weit bekannter Musiker und P\u00e4dagoge, der regelm\u00e4\u00dfig bei Konzerten anzutreffen ist. Auch&#8230; <\/p>\n<div class=\"read-more navbutton\"><a href=\"https:\/\/tkv-hochfranken.de\/index.php\/2024\/09\/03\/jens-gottloeber-eroeffnet-die-hallersteiner-nachtkonzerte-2024\/\">Read More<i class=\"fa fa-angle-double-right\"><\/i><\/a><\/div>\n","protected":false},"author":1,"featured_media":0,"comment_status":"closed","ping_status":"","sticky":false,"template":"","format":"standard","meta":{"ngg_post_thumbnail":0,"footnotes":""},"categories":[1],"tags":[],"class_list":["post-2741","post","type-post","status-publish","format-standard","hentry","category-allgemein"],"_links":{"self":[{"href":"https:\/\/tkv-hochfranken.de\/index.php\/wp-json\/wp\/v2\/posts\/2741","targetHints":{"allow":["GET"]}}],"collection":[{"href":"https:\/\/tkv-hochfranken.de\/index.php\/wp-json\/wp\/v2\/posts"}],"about":[{"href":"https:\/\/tkv-hochfranken.de\/index.php\/wp-json\/wp\/v2\/types\/post"}],"author":[{"embeddable":true,"href":"https:\/\/tkv-hochfranken.de\/index.php\/wp-json\/wp\/v2\/users\/1"}],"replies":[{"embeddable":true,"href":"https:\/\/tkv-hochfranken.de\/index.php\/wp-json\/wp\/v2\/comments?post=2741"}],"version-history":[{"count":1,"href":"https:\/\/tkv-hochfranken.de\/index.php\/wp-json\/wp\/v2\/posts\/2741\/revisions"}],"predecessor-version":[{"id":2742,"href":"https:\/\/tkv-hochfranken.de\/index.php\/wp-json\/wp\/v2\/posts\/2741\/revisions\/2742"}],"wp:attachment":[{"href":"https:\/\/tkv-hochfranken.de\/index.php\/wp-json\/wp\/v2\/media?parent=2741"}],"wp:term":[{"taxonomy":"category","embeddable":true,"href":"https:\/\/tkv-hochfranken.de\/index.php\/wp-json\/wp\/v2\/categories?post=2741"},{"taxonomy":"post_tag","embeddable":true,"href":"https:\/\/tkv-hochfranken.de\/index.php\/wp-json\/wp\/v2\/tags?post=2741"}],"curies":[{"name":"wp","href":"https:\/\/api.w.org\/{rel}","templated":true}]}}