{"id":2743,"date":"2024-09-03T14:29:51","date_gmt":"2024-09-03T12:29:51","guid":{"rendered":"https:\/\/tkv-hochfranken.de\/?p=2743"},"modified":"2024-09-10T00:06:17","modified_gmt":"2024-09-09T22:06:17","slug":"hochgelobte-hof-capelle-gibt-gibt-zwei-konzerte-in-hochfranken","status":"publish","type":"post","link":"https:\/\/tkv-hochfranken.de\/index.php\/2024\/09\/03\/hochgelobte-hof-capelle-gibt-gibt-zwei-konzerte-in-hochfranken\/","title":{"rendered":"Hochgelobte HofCapelle gibt gibt zwei Konzerte in Hochfranken"},"content":{"rendered":"\n<figure class=\"wp-block-image size-large\"><img fetchpriority=\"high\" decoding=\"async\" width=\"1024\" height=\"514\" src=\"https:\/\/tkv-hochfranken.de\/wp-content\/uploads\/2024\/09\/Plakat-Hof-klein-1024x514.jpg\" alt=\"\" class=\"wp-image-2731\" srcset=\"https:\/\/tkv-hochfranken.de\/wp-content\/uploads\/2024\/09\/Plakat-Hof-klein-1024x514.jpg 1024w, https:\/\/tkv-hochfranken.de\/wp-content\/uploads\/2024\/09\/Plakat-Hof-klein-300x151.jpg 300w, https:\/\/tkv-hochfranken.de\/wp-content\/uploads\/2024\/09\/Plakat-Hof-klein-768x385.jpg 768w, https:\/\/tkv-hochfranken.de\/wp-content\/uploads\/2024\/09\/Plakat-Hof-klein-1536x771.jpg 1536w, https:\/\/tkv-hochfranken.de\/wp-content\/uploads\/2024\/09\/Plakat-Hof-klein-2048x1028.jpg 2048w\" sizes=\"(max-width: 1024px) 100vw, 1024px\" \/><\/figure>\n\n\n\n<p>Gleich zwei Konzerte gibt die <strong>HofCapelle<\/strong> mit ihrem neuen Programm &#8222;<strong>Orgelb\u00fcchlein<\/strong>&#8220; zeitnah in Hochfranken. Das noch junge aber schon hochgelobte Ensemble f\u00fcr Alte Musik ist zu Gast in der Hospitalkirche in Hof (7. September 2024 um 17:00 Uhr) und in der Internationalen Musikbegegnungsst\u00e4tte Haus Marteau in Lichtenberg (8. September 2024 um 17:00 Uhr). W\u00e4hrend in Hof der Eintritt frei ist, gibt es f\u00fcr Lichtenberg Karten an der Abendkasse. Bitte beachten Sie die nur begrenzte Kapazit\u00e4t des ber\u00fchmten Kammermusiksaales. Es erklingen barocke Werke von Johann Sebastian Bach, Georg Philipp Telemann und Johann Ludwig Krebs. Bei beiden Konzerten handelt es sich um eine Veranstaltung des <strong>Tonk\u00fcnstlerverbands Hochfranken e.V.<\/strong> , erm\u00f6glicht durch den <strong>Tonk\u00fcnstlerverband Bayern<\/strong> aus Mitteln des <strong>Bayerischen Staatsministerium f\u00fcr Wissenschaft und Kunst<\/strong> im Rahmen des Projekts <strong>Tonk\u00fcnstler Live Spezial<\/strong>! Herzliche Einladung zu diesen zwei au\u00dfergew\u00f6hnlichen Konzerten in und um Hof!<\/p>\n\n\n\n<figure class=\"wp-block-image size-large\"><img decoding=\"async\" width=\"1024\" height=\"511\" src=\"https:\/\/tkv-hochfranken.de\/wp-content\/uploads\/2024\/09\/Plakat-Lichtenberg-klein-1024x511.jpg\" alt=\"\" class=\"wp-image-2738\" srcset=\"https:\/\/tkv-hochfranken.de\/wp-content\/uploads\/2024\/09\/Plakat-Lichtenberg-klein-1024x511.jpg 1024w, https:\/\/tkv-hochfranken.de\/wp-content\/uploads\/2024\/09\/Plakat-Lichtenberg-klein-300x150.jpg 300w, https:\/\/tkv-hochfranken.de\/wp-content\/uploads\/2024\/09\/Plakat-Lichtenberg-klein-768x383.jpg 768w, https:\/\/tkv-hochfranken.de\/wp-content\/uploads\/2024\/09\/Plakat-Lichtenberg-klein-1536x766.jpg 1536w, https:\/\/tkv-hochfranken.de\/wp-content\/uploads\/2024\/09\/Plakat-Lichtenberg-klein-2048x1021.jpg 2048w\" sizes=\"(max-width: 1024px) 100vw, 1024px\" \/><\/figure>\n\n\n\n<p><\/p>\n<h3>Related Images:<\/h3>","protected":false},"excerpt":{"rendered":"<p>Gleich zwei Konzerte gibt die HofCapelle mit ihrem neuen Programm &#8222;Orgelb\u00fcchlein&#8220; zeitnah in Hochfranken. Das noch junge aber schon hochgelobte Ensemble f\u00fcr Alte Musik ist zu Gast in der Hospitalkirche in Hof (7. September 2024 um 17:00 Uhr) und in der Internationalen Musikbegegnungsst\u00e4tte Haus Marteau in Lichtenberg (8. September 2024 um 17:00 Uhr). W\u00e4hrend in&#8230; <\/p>\n<div class=\"read-more navbutton\"><a href=\"https:\/\/tkv-hochfranken.de\/index.php\/2024\/09\/03\/hochgelobte-hof-capelle-gibt-gibt-zwei-konzerte-in-hochfranken\/\">Read More<i class=\"fa fa-angle-double-right\"><\/i><\/a><\/div>\n","protected":false},"author":1,"featured_media":0,"comment_status":"closed","ping_status":"","sticky":false,"template":"","format":"standard","meta":{"ngg_post_thumbnail":0,"footnotes":""},"categories":[1],"tags":[],"class_list":["post-2743","post","type-post","status-publish","format-standard","hentry","category-allgemein"],"_links":{"self":[{"href":"https:\/\/tkv-hochfranken.de\/index.php\/wp-json\/wp\/v2\/posts\/2743","targetHints":{"allow":["GET"]}}],"collection":[{"href":"https:\/\/tkv-hochfranken.de\/index.php\/wp-json\/wp\/v2\/posts"}],"about":[{"href":"https:\/\/tkv-hochfranken.de\/index.php\/wp-json\/wp\/v2\/types\/post"}],"author":[{"embeddable":true,"href":"https:\/\/tkv-hochfranken.de\/index.php\/wp-json\/wp\/v2\/users\/1"}],"replies":[{"embeddable":true,"href":"https:\/\/tkv-hochfranken.de\/index.php\/wp-json\/wp\/v2\/comments?post=2743"}],"version-history":[{"count":4,"href":"https:\/\/tkv-hochfranken.de\/index.php\/wp-json\/wp\/v2\/posts\/2743\/revisions"}],"predecessor-version":[{"id":2804,"href":"https:\/\/tkv-hochfranken.de\/index.php\/wp-json\/wp\/v2\/posts\/2743\/revisions\/2804"}],"wp:attachment":[{"href":"https:\/\/tkv-hochfranken.de\/index.php\/wp-json\/wp\/v2\/media?parent=2743"}],"wp:term":[{"taxonomy":"category","embeddable":true,"href":"https:\/\/tkv-hochfranken.de\/index.php\/wp-json\/wp\/v2\/categories?post=2743"},{"taxonomy":"post_tag","embeddable":true,"href":"https:\/\/tkv-hochfranken.de\/index.php\/wp-json\/wp\/v2\/tags?post=2743"}],"curies":[{"name":"wp","href":"https:\/\/api.w.org\/{rel}","templated":true}]}}