{"id":2749,"date":"2024-09-03T15:06:08","date_gmt":"2024-09-03T13:06:08","guid":{"rendered":"https:\/\/tkv-hochfranken.de\/?p=2749"},"modified":"2024-09-03T15:06:08","modified_gmt":"2024-09-03T13:06:08","slug":"zwei-konzerte-mit-wolfram-graf","status":"publish","type":"post","link":"https:\/\/tkv-hochfranken.de\/index.php\/2024\/09\/03\/zwei-konzerte-mit-wolfram-graf\/","title":{"rendered":"Zwei Konzerte mit Wolfram Graf"},"content":{"rendered":"\n<figure class=\"wp-block-image size-large\"><img fetchpriority=\"high\" decoding=\"async\" width=\"608\" height=\"1024\" src=\"https:\/\/tkv-hochfranken.de\/wp-content\/uploads\/2024\/09\/Foto-Wolfram-Graf-608x1024.jpg\" alt=\"\" class=\"wp-image-2748\" srcset=\"https:\/\/tkv-hochfranken.de\/wp-content\/uploads\/2024\/09\/Foto-Wolfram-Graf-608x1024.jpg 608w, https:\/\/tkv-hochfranken.de\/wp-content\/uploads\/2024\/09\/Foto-Wolfram-Graf-178x300.jpg 178w, https:\/\/tkv-hochfranken.de\/wp-content\/uploads\/2024\/09\/Foto-Wolfram-Graf-768x1294.jpg 768w, https:\/\/tkv-hochfranken.de\/wp-content\/uploads\/2024\/09\/Foto-Wolfram-Graf-912x1536.jpg 912w, https:\/\/tkv-hochfranken.de\/wp-content\/uploads\/2024\/09\/Foto-Wolfram-Graf.jpg 1049w\" sizes=\"(max-width: 608px) 100vw, 608px\" \/><figcaption class=\"wp-element-caption\">Der Komponist Wolfram Graf (Foto: privat)<\/figcaption><\/figure>\n\n\n\n<p>Gleich zwei Konzerte mit <strong>Wolfram Graf <\/strong>am Klavier und vielen seiner eigenen Werke erklingen demn\u00e4chst in Ihrer N\u00e4he. Am Samstag, dem 14. September 2024 spielt Graf um 15:30Uhr zun\u00e4chst zusammen mit <strong>Martin Seel<\/strong> an der Querfl\u00f6te sowie seiner Tochter <strong>Katharina Graf<\/strong> am Klavier Werke von Bach, Mozart und Beethoven (f\u00fcr Klavier und Duo Querfl\u00f6te \/ Klavier) in der Anthroposophische Gesellschaft (Eppenreuther Stra\u00dfe 30 in Hof. Schon dabei erklingen nat\u00fcrlich auch Kompositionen von Wolfram Graf selbst. Der Eintritt hierf\u00fcr ist frei.<\/p>\n\n\n\n<p>Am 13. Oktober 2024 bekommt Graf dann einen kompletten Abend in der <strong>Villa Novalis<\/strong> im nahegelegenen Th\u00fcringer St\u00e4dtchen <strong>Hirschberg<\/strong> gewidmet. 16:00 Uhr bis 18:00 Uhr gibt es ein <strong>Gespr\u00e4chskonzert &#8222;Komponistenportrait Wolfram Graf&#8220;<\/strong> mit Werken f\u00fcr Klavier, Klavier und Querfl\u00f6te sowie Klavier und Violoncello. Neben Graf selbst sind Fl\u00f6tist <strong>Martin Seel<\/strong> und Cellist <strong>Markus Jung<\/strong> von der Partie. Der Eintritt kostet 16,-Euro. Im Anschluss an das Konzert gibt es die M\u00f6glichkeit zu einem herbstlichen Gala-Dinner im Rittersaal des Anwesens. Eine Voranmeldung beim Veranstalter (Villa Novalis) ist hierf\u00fcr bis 7. Oktober m\u00f6glich und kostet 18,-Euro.<\/p>\n\n\n\n<figure class=\"wp-block-image size-large\"><img decoding=\"async\" width=\"716\" height=\"1024\" src=\"https:\/\/tkv-hochfranken.de\/wp-content\/uploads\/2024\/09\/Plakat-klein-716x1024.jpg\" alt=\"\" class=\"wp-image-2730\" srcset=\"https:\/\/tkv-hochfranken.de\/wp-content\/uploads\/2024\/09\/Plakat-klein-716x1024.jpg 716w, https:\/\/tkv-hochfranken.de\/wp-content\/uploads\/2024\/09\/Plakat-klein-210x300.jpg 210w, https:\/\/tkv-hochfranken.de\/wp-content\/uploads\/2024\/09\/Plakat-klein-768x1098.jpg 768w, https:\/\/tkv-hochfranken.de\/wp-content\/uploads\/2024\/09\/Plakat-klein-1074x1536.jpg 1074w, https:\/\/tkv-hochfranken.de\/wp-content\/uploads\/2024\/09\/Plakat-klein-1432x2048.jpg 1432w, https:\/\/tkv-hochfranken.de\/wp-content\/uploads\/2024\/09\/Plakat-klein.jpg 1671w\" sizes=\"(max-width: 716px) 100vw, 716px\" \/><\/figure>\n<h3>Related Images:<\/h3>","protected":false},"excerpt":{"rendered":"<p>Der Komponist Wolfram Graf (Foto: privat) Gleich zwei Konzerte mit Wolfram Graf am Klavier und vielen seiner eigenen Werke erklingen demn\u00e4chst in Ihrer N\u00e4he. Am Samstag, dem 14. September 2024 spielt Graf um 15:30Uhr zun\u00e4chst zusammen mit Martin Seel an der Querfl\u00f6te sowie seiner Tochter Katharina Graf am Klavier Werke von Bach, Mozart und Beethoven&#8230; <\/p>\n<div class=\"read-more navbutton\"><a href=\"https:\/\/tkv-hochfranken.de\/index.php\/2024\/09\/03\/zwei-konzerte-mit-wolfram-graf\/\">Read More<i class=\"fa fa-angle-double-right\"><\/i><\/a><\/div>\n","protected":false},"author":1,"featured_media":0,"comment_status":"closed","ping_status":"","sticky":false,"template":"","format":"standard","meta":{"ngg_post_thumbnail":0,"footnotes":""},"categories":[1],"tags":[],"class_list":["post-2749","post","type-post","status-publish","format-standard","hentry","category-allgemein"],"_links":{"self":[{"href":"https:\/\/tkv-hochfranken.de\/index.php\/wp-json\/wp\/v2\/posts\/2749","targetHints":{"allow":["GET"]}}],"collection":[{"href":"https:\/\/tkv-hochfranken.de\/index.php\/wp-json\/wp\/v2\/posts"}],"about":[{"href":"https:\/\/tkv-hochfranken.de\/index.php\/wp-json\/wp\/v2\/types\/post"}],"author":[{"embeddable":true,"href":"https:\/\/tkv-hochfranken.de\/index.php\/wp-json\/wp\/v2\/users\/1"}],"replies":[{"embeddable":true,"href":"https:\/\/tkv-hochfranken.de\/index.php\/wp-json\/wp\/v2\/comments?post=2749"}],"version-history":[{"count":1,"href":"https:\/\/tkv-hochfranken.de\/index.php\/wp-json\/wp\/v2\/posts\/2749\/revisions"}],"predecessor-version":[{"id":2750,"href":"https:\/\/tkv-hochfranken.de\/index.php\/wp-json\/wp\/v2\/posts\/2749\/revisions\/2750"}],"wp:attachment":[{"href":"https:\/\/tkv-hochfranken.de\/index.php\/wp-json\/wp\/v2\/media?parent=2749"}],"wp:term":[{"taxonomy":"category","embeddable":true,"href":"https:\/\/tkv-hochfranken.de\/index.php\/wp-json\/wp\/v2\/categories?post=2749"},{"taxonomy":"post_tag","embeddable":true,"href":"https:\/\/tkv-hochfranken.de\/index.php\/wp-json\/wp\/v2\/tags?post=2749"}],"curies":[{"name":"wp","href":"https:\/\/api.w.org\/{rel}","templated":true}]}}