{"id":2762,"date":"2024-09-08T13:46:52","date_gmt":"2024-09-08T11:46:52","guid":{"rendered":"https:\/\/tkv-hochfranken.de\/?p=2762"},"modified":"2024-09-08T14:11:29","modified_gmt":"2024-09-08T12:11:29","slug":"sologitarrenkonzert-eroeffnete-die-hallersteiner-nachtkonzerte-2024","status":"publish","type":"post","link":"https:\/\/tkv-hochfranken.de\/index.php\/2024\/09\/08\/sologitarrenkonzert-eroeffnete-die-hallersteiner-nachtkonzerte-2024\/","title":{"rendered":"Hallersteiner Nachtkonzerte 2024 starteten mit Jens Gottl\u00f6ber und einem Konzert f\u00fcr Sologitarre"},"content":{"rendered":"\n<figure class=\"wp-block-image size-large\"><img fetchpriority=\"high\" decoding=\"async\" width=\"1024\" height=\"472\" src=\"https:\/\/tkv-hochfranken.de\/wp-content\/uploads\/2024\/09\/Auswahl4a-1024x472.jpg\" alt=\"\" class=\"wp-image-2761\" srcset=\"https:\/\/tkv-hochfranken.de\/wp-content\/uploads\/2024\/09\/Auswahl4a-1024x472.jpg 1024w, https:\/\/tkv-hochfranken.de\/wp-content\/uploads\/2024\/09\/Auswahl4a-300x138.jpg 300w, https:\/\/tkv-hochfranken.de\/wp-content\/uploads\/2024\/09\/Auswahl4a-768x354.jpg 768w, https:\/\/tkv-hochfranken.de\/wp-content\/uploads\/2024\/09\/Auswahl4a-1536x708.jpg 1536w, https:\/\/tkv-hochfranken.de\/wp-content\/uploads\/2024\/09\/Auswahl4a-2048x944.jpg 2048w\" sizes=\"(max-width: 1024px) 100vw, 1024px\" \/><figcaption class=\"wp-element-caption\">Jens Gottl\u00f6ber er\u00f6ffnete die Hallersteiner Nachtkonzerte 2024 (Fotos: TKV Hochfranken)<\/figcaption><\/figure>\n\n\n\n<p>Am Samstag, den 7. September er\u00f6ffnete der Gitarrist <strong>Jens Gottl\u00f6ber <\/strong>die diesj\u00e4hrigen <strong>Hallersteiner Nachtkonzerte.<\/strong> Mit Werken von Bach, Giuliani, Torroba und Ungerank erklang etwa eine Stunde lang ruhige bis temperamentvolle Musik im wundersch\u00f6nen Ambiente der Hallersteiner Dorfkirche. Mit spannenden Effekten wurden vier Gedichte \u00fcber Clowns von Ingo Cesaro vom lokalen Komponisten <strong>Dietmar Ungerank<\/strong> vertont, die aufhorchen lie\u00dfen, wie vielseitig das beliebte Zupfinstrument sein kann. Weitere H\u00f6hepunkte von Gottl\u00f6bers Darbietung waren ein &#8222;Allegro&#8220; von Johann Sebastian Bach und ein &#8222;Allegretto&#8220; aus Frederico Moreno Torrobas &#8222;Sonatina&#8220;. Der vielse\/aitige Abend endete mit einer Zugabe und einem Dank an den anwesenden Gitarrenbauer <strong>Mario Gropp<\/strong>, von welchem Gottl\u00f6ber seine neue Gitarre erwarb, die erstmalig in diesem Konzert \u00f6ffentlich erklang. <\/p>\n\n\n\n<p>Die <strong>Hallersteiner Nachtkonzerte<\/strong> sind eine Veranstaltung des <strong>Tonk\u00fcnstlerverbands Hochfranken e.V.<\/strong> in Kooperation mit der <strong>Musikschule des Landkreises Hof<\/strong> und der <strong>Evangelischen Kirchengemeinde Hallerstein<\/strong> unter der Gesamtleitung von <strong>Christopher von Mammen<\/strong>. Der Eintritt kostet 12,-\u20ac, die Konzerte beginnen 21:00Uhr und enden 22:00 Uhr. Die <strong>Dorfkirche<\/strong> bzw. <strong>(Pfarr-) Kirche Hallerstein<\/strong> finden Sie unter der Adresse Hallerstein 1 in 95126 Schwarzenbach an der Saale, wovon der Ort Hallerstein ein Stadtteil ist. Herzliche Einladung zu den kommenden Terminen:<\/p>\n\n\n\n<h3 class=\"wp-block-heading\" id=\"KS20\">Samstag, 14. September 2024, 21:00Uhr<\/h3>\n\n\n\n<p><strong>Hallersteiner Nachtkonzerte \u2013 2. Konzert 2024<\/strong>: <strong>TANGO: NUEVO!<\/strong> Der Akkordeonist <strong>Harald Oeler<\/strong> gibt einen virtuosen Soloabend mit Werken von Astor Piazolla unter dem Titel \u201eTango: nuevo!\u201c Es l\u00e4sst sich schwer mit Worten beschreiben, welch musikalische Kraft entsteht, wenn ein Mix aus Tango Nuevo, Jazz, Neuer Musik und Alter Musik gekonnt arrangiert und mit gro\u00dfer Musikalit\u00e4t dem Publikum serviert wird\u2026 man muss es einfach erleben! Die Tradition des Tango Nuevo schwingt im gesamten Konzertprogramm stetig mit, sei es in Form von stabilen Bassloops, die Freiheit f\u00fcr virtuose Improvisation bieten oder in Form von schemenhaft, tr\u00e4umerisch anmutenden Klangfl\u00e4chen, die sanft eine Tangomelodie durch den Raum transportieren. Der urspr\u00fcngliche, wertvolle Gedanke eines jeden Tangos wird bewahrt und musikalisch \u201emultistilistisch\u201c in die Welt getragen. Das Ergebnis: Ein faszinierend avantgardistischer Konzertabend rund um die Musik Astor Piazzollas!<\/p>\n\n\n\n<hr class=\"wp-block-separator has-alpha-channel-opacity\"\/>\n\n\n\n<h3 class=\"wp-block-heading\" id=\"KS20\">Samstag, 21. September 2024, 21:00Uhr<\/h3>\n\n\n\n<p><strong>Hallersteiner Nachtkonzerte \u2013 3. Konzert 2024<\/strong>: Den Abschluss der Konzertreihe gibt die Blockfl\u00f6tistin <strong>Silvia M\u00fcller<\/strong>, die in mehreren sehr erfolgreichen Ensembles Alter Musik regelm\u00e4\u00dfig von sich h\u00f6ren l\u00e4sst. Sie konzertiert solistisch zusammen mit dem Sprecher <strong>Salvatore Rinnone<\/strong>. Es erklingen Werke von Karlheinz Stockhausen, Maki Ishii und italienische Musik aus dem Trecento mit Rezitation in Originalsprache: Das meditative Programm unter dem Titel \u201eSonnengesang\u201c bezieht sich auf den<br>gleichnamigen Lobgesang von Franz von Assisi (\u201eCantico delle creature\u201c), auch bekannt als \u201eCantico di Frate Sole\u201c. Der Vortrag des Textes in italienischer Originalsprache wird von zeitgen\u00f6ssischen Werken f\u00fcr Blockfl\u00f6te solo und italienischer Musik des Trecento eingerahmt. Formendes Merkmal ist dabei der Kontrast \u2013 dies sowohl in Hinblick auf die zeitliche Spanne des gew\u00e4hlten Repertoires von ca. 650 Jahren, als auch auf die anklingenden Gegens\u00e4tze der vier Elemente Feuer, Wasser, Erde, Luft, die im Lobgesang eine zentrale Rolle spielen. <strong>Silvia M\u00fcller<\/strong> konzertiert als Blockfl\u00f6tistin solistisch wie auch in verschiedenen<br>kammermusikalischen Besetzungen im In \u2013 und Ausland. Neben ihrer Konzertt\u00e4tigkeit ist die geb\u00fcrtige Hoferin Dozentin im Fach Blockfl\u00f6te an der Musikschule der Hofer Symphoniker. <strong>Salvatore Rinnone<\/strong>, geboren in Sizilien, lebt seit 1995 in Hof. Neben seiner Unterrichtst\u00e4tigkeit an der Volkshochschule Hof im Fach Italienisch verfasst er Lieder und Gedichte und engagiert sich f\u00fcr verschiedene kulturelle und literarische Projekte. <\/p>\n\n\n\n<p><\/p>\n<h3>Related Images:<\/h3>","protected":false},"excerpt":{"rendered":"<p>Jens Gottl\u00f6ber er\u00f6ffnete die Hallersteiner Nachtkonzerte 2024 (Fotos: TKV Hochfranken) Am Samstag, den 7. September er\u00f6ffnete der Gitarrist Jens Gottl\u00f6ber die diesj\u00e4hrigen Hallersteiner Nachtkonzerte. Mit Werken von Bach, Giuliani, Torroba und Ungerank erklang etwa eine Stunde lang ruhige bis temperamentvolle Musik im wundersch\u00f6nen Ambiente der Hallersteiner Dorfkirche. Mit spannenden Effekten wurden vier Gedichte \u00fcber Clowns&#8230; <\/p>\n<div class=\"read-more navbutton\"><a href=\"https:\/\/tkv-hochfranken.de\/index.php\/2024\/09\/08\/sologitarrenkonzert-eroeffnete-die-hallersteiner-nachtkonzerte-2024\/\">Read More<i class=\"fa fa-angle-double-right\"><\/i><\/a><\/div>\n","protected":false},"author":1,"featured_media":0,"comment_status":"closed","ping_status":"","sticky":false,"template":"","format":"standard","meta":{"ngg_post_thumbnail":0,"footnotes":""},"categories":[1],"tags":[],"class_list":["post-2762","post","type-post","status-publish","format-standard","hentry","category-allgemein"],"_links":{"self":[{"href":"https:\/\/tkv-hochfranken.de\/index.php\/wp-json\/wp\/v2\/posts\/2762","targetHints":{"allow":["GET"]}}],"collection":[{"href":"https:\/\/tkv-hochfranken.de\/index.php\/wp-json\/wp\/v2\/posts"}],"about":[{"href":"https:\/\/tkv-hochfranken.de\/index.php\/wp-json\/wp\/v2\/types\/post"}],"author":[{"embeddable":true,"href":"https:\/\/tkv-hochfranken.de\/index.php\/wp-json\/wp\/v2\/users\/1"}],"replies":[{"embeddable":true,"href":"https:\/\/tkv-hochfranken.de\/index.php\/wp-json\/wp\/v2\/comments?post=2762"}],"version-history":[{"count":3,"href":"https:\/\/tkv-hochfranken.de\/index.php\/wp-json\/wp\/v2\/posts\/2762\/revisions"}],"predecessor-version":[{"id":2770,"href":"https:\/\/tkv-hochfranken.de\/index.php\/wp-json\/wp\/v2\/posts\/2762\/revisions\/2770"}],"wp:attachment":[{"href":"https:\/\/tkv-hochfranken.de\/index.php\/wp-json\/wp\/v2\/media?parent=2762"}],"wp:term":[{"taxonomy":"category","embeddable":true,"href":"https:\/\/tkv-hochfranken.de\/index.php\/wp-json\/wp\/v2\/categories?post=2762"},{"taxonomy":"post_tag","embeddable":true,"href":"https:\/\/tkv-hochfranken.de\/index.php\/wp-json\/wp\/v2\/tags?post=2762"}],"curies":[{"name":"wp","href":"https:\/\/api.w.org\/{rel}","templated":true}]}}