{"id":2764,"date":"2024-09-08T14:01:12","date_gmt":"2024-09-08T12:01:12","guid":{"rendered":"https:\/\/tkv-hochfranken.de\/?p=2764"},"modified":"2024-09-17T23:16:22","modified_gmt":"2024-09-17T21:16:22","slug":"kammerchor-hof-gibt-zwei-konzerte-in-oberfranken","status":"publish","type":"post","link":"https:\/\/tkv-hochfranken.de\/index.php\/2024\/09\/08\/kammerchor-hof-gibt-zwei-konzerte-in-oberfranken\/","title":{"rendered":"Kammerchor Hof gibt zwei Konzerte in Oberfranken"},"content":{"rendered":"\n<figure class=\"wp-block-image size-large\"><img fetchpriority=\"high\" decoding=\"async\" width=\"872\" height=\"1024\" src=\"https:\/\/tkv-hochfranken.de\/wp-content\/uploads\/2024\/09\/Chorplakat-allgemein-872x1024.jpg\" alt=\"\" class=\"wp-image-2766\" srcset=\"https:\/\/tkv-hochfranken.de\/wp-content\/uploads\/2024\/09\/Chorplakat-allgemein-872x1024.jpg 872w, https:\/\/tkv-hochfranken.de\/wp-content\/uploads\/2024\/09\/Chorplakat-allgemein-255x300.jpg 255w, https:\/\/tkv-hochfranken.de\/wp-content\/uploads\/2024\/09\/Chorplakat-allgemein-768x902.jpg 768w, https:\/\/tkv-hochfranken.de\/wp-content\/uploads\/2024\/09\/Chorplakat-allgemein-1308x1536.jpg 1308w, https:\/\/tkv-hochfranken.de\/wp-content\/uploads\/2024\/09\/Chorplakat-allgemein.jpg 1450w\" sizes=\"(max-width: 872px) 100vw, 872px\" \/><\/figure>\n\n\n\n<p>Der <strong>Kammerchor Hof <\/strong>unter der Leitung des hochfr\u00e4nkischen TKV-Mitglieds <strong>Wolfgang Weser <\/strong>konzertiert zusammen mit dem Akkordeonisten <strong>Harald Oeler<\/strong>, der Organistin <strong>Dorothea Weser<\/strong> (ebenfalls beide im TKV Hochfranken) sowie der S\u00e4ngerin <strong>Yvonne Berg<\/strong> mit seinem neuen vielversprechenden Programm <strong>\u201eWarning to the rich\u201c<\/strong>in der <strong>Kreuzkirche<\/strong> in <strong>Hof<\/strong> sowie der <strong>Auferstehungskirche<\/strong> in <strong>Bamberg<\/strong> auf. Es erklingen Werke von Bach, Carissimi, Dvo\u0159\u00e1k, Clemens non papa, Doles, Eisler, Jennefelt, Kod\u00e1ly, Lauridsen, De Monte und dem finnischen Nationalkomponisten Rautavaara. Das Ensemble hat sich mit seiner Qualit\u00e4t und den ausgew\u00e4hlten, feinsinnigen Programmen in ganz Franken einen Namen gemacht und pr\u00e4sentiert diesen September mahnende St\u00fccke zur christlichen Sicht auf die Leensweise &#8222;of the rich&#8220; mit fesselnder Musik verschiedenster Epochen. Das Konzert in <strong>Bamberg<\/strong> beginnt <strong>18:00 Uhr<\/strong>, das Konzert in <strong>Hof<\/strong> dagegen bereits <strong>17:00 Uhr<\/strong>, der Eintritt kostet jeweils 15\u20ac\/5\u20ac erm\u00e4\u00dfigt. Herzliche Einladung!<\/p>\n\n\n\n<p>Samstag, <strong>14. September<\/strong> 2024, <strong>Auferstehungskirche Bamberg<\/strong>, Pestalozzistra\u00dfe 27, 96052 Bamberg<\/p>\n\n\n\n<p>Sonntag, <strong>15. September<\/strong> 2024, <strong>Kreuzkirche Hof<\/strong>, Jahnstra\u00dfe 67, 95030 Hof<\/p>\n\n\n\n<p><\/p>\n<h3>Related Images:<\/h3>","protected":false},"excerpt":{"rendered":"<p>Der Kammerchor Hof unter der Leitung des hochfr\u00e4nkischen TKV-Mitglieds Wolfgang Weser konzertiert zusammen mit dem Akkordeonisten Harald Oeler, der Organistin Dorothea Weser (ebenfalls beide im TKV Hochfranken) sowie der S\u00e4ngerin Yvonne Berg mit seinem neuen vielversprechenden Programm \u201eWarning to the rich\u201cin der Kreuzkirche in Hof sowie der Auferstehungskirche in Bamberg auf. Es erklingen Werke von&#8230; <\/p>\n<div class=\"read-more navbutton\"><a href=\"https:\/\/tkv-hochfranken.de\/index.php\/2024\/09\/08\/kammerchor-hof-gibt-zwei-konzerte-in-oberfranken\/\">Read More<i class=\"fa fa-angle-double-right\"><\/i><\/a><\/div>\n","protected":false},"author":1,"featured_media":0,"comment_status":"closed","ping_status":"","sticky":false,"template":"","format":"standard","meta":{"ngg_post_thumbnail":0,"footnotes":""},"categories":[1],"tags":[],"class_list":["post-2764","post","type-post","status-publish","format-standard","hentry","category-allgemein"],"_links":{"self":[{"href":"https:\/\/tkv-hochfranken.de\/index.php\/wp-json\/wp\/v2\/posts\/2764","targetHints":{"allow":["GET"]}}],"collection":[{"href":"https:\/\/tkv-hochfranken.de\/index.php\/wp-json\/wp\/v2\/posts"}],"about":[{"href":"https:\/\/tkv-hochfranken.de\/index.php\/wp-json\/wp\/v2\/types\/post"}],"author":[{"embeddable":true,"href":"https:\/\/tkv-hochfranken.de\/index.php\/wp-json\/wp\/v2\/users\/1"}],"replies":[{"embeddable":true,"href":"https:\/\/tkv-hochfranken.de\/index.php\/wp-json\/wp\/v2\/comments?post=2764"}],"version-history":[{"count":4,"href":"https:\/\/tkv-hochfranken.de\/index.php\/wp-json\/wp\/v2\/posts\/2764\/revisions"}],"predecessor-version":[{"id":2828,"href":"https:\/\/tkv-hochfranken.de\/index.php\/wp-json\/wp\/v2\/posts\/2764\/revisions\/2828"}],"wp:attachment":[{"href":"https:\/\/tkv-hochfranken.de\/index.php\/wp-json\/wp\/v2\/media?parent=2764"}],"wp:term":[{"taxonomy":"category","embeddable":true,"href":"https:\/\/tkv-hochfranken.de\/index.php\/wp-json\/wp\/v2\/categories?post=2764"},{"taxonomy":"post_tag","embeddable":true,"href":"https:\/\/tkv-hochfranken.de\/index.php\/wp-json\/wp\/v2\/tags?post=2764"}],"curies":[{"name":"wp","href":"https:\/\/api.w.org\/{rel}","templated":true}]}}