{"id":2780,"date":"2024-09-09T16:03:29","date_gmt":"2024-09-09T14:03:29","guid":{"rendered":"https:\/\/tkv-hochfranken.de\/?p=2780"},"modified":"2024-09-10T00:07:49","modified_gmt":"2024-09-09T22:07:49","slug":"zwei-beeindruckende-konzerte-der-hofcapelle-in-hochfranken","status":"publish","type":"post","link":"https:\/\/tkv-hochfranken.de\/index.php\/2024\/09\/09\/zwei-beeindruckende-konzerte-der-hofcapelle-in-hochfranken\/","title":{"rendered":"Zwei beeindruckende Konzerte der HofCapelle in Hochfranken"},"content":{"rendered":"\n<figure class=\"wp-block-image size-large\"><img fetchpriority=\"high\" decoding=\"async\" width=\"1024\" height=\"683\" src=\"https:\/\/tkv-hochfranken.de\/wp-content\/uploads\/2024\/09\/20240908160650_DJ_0112-1024x683.jpg\" alt=\"\" class=\"wp-image-2778\" srcset=\"https:\/\/tkv-hochfranken.de\/wp-content\/uploads\/2024\/09\/20240908160650_DJ_0112-1024x683.jpg 1024w, https:\/\/tkv-hochfranken.de\/wp-content\/uploads\/2024\/09\/20240908160650_DJ_0112-300x200.jpg 300w, https:\/\/tkv-hochfranken.de\/wp-content\/uploads\/2024\/09\/20240908160650_DJ_0112-768x512.jpg 768w, https:\/\/tkv-hochfranken.de\/wp-content\/uploads\/2024\/09\/20240908160650_DJ_0112-1536x1024.jpg 1536w, https:\/\/tkv-hochfranken.de\/wp-content\/uploads\/2024\/09\/20240908160650_DJ_0112-2048x1365.jpg 2048w\" sizes=\"(max-width: 1024px) 100vw, 1024px\" \/><figcaption class=\"wp-element-caption\">Die <strong>HofCapelle<\/strong> in Lichtenberg (Foto: Dirk John)<\/figcaption><\/figure>\n\n\n\n<p>Gleich zwei Konzerte gab die <strong>HofCapelle<\/strong> am 7. und 8. September mit ihrem Programm &#8222;<strong>Orgelb\u00fcchlein<\/strong>&#8220; in Hochfranken. Das noch junge aber schon hochgelobte <strong>Ensemble f\u00fcr Alte Musik<\/strong> war zu Gast in der <strong>Hospitalkirche<\/strong> in <strong>Hof<\/strong> (7. September 2024 um 17:00 Uhr) und in der <strong>Internationalen Musikbegegnungsst\u00e4tte Haus Marteau<\/strong> in <strong>Lichtenberg<\/strong> (8. September 2024 um 17:00 Uhr). Es erklangen barocke Werke von <strong>Johann Sebastian Bach<\/strong> sowie seinen Weggef\u00e4hrten <strong>Dietrich Buxtehude<\/strong>, <strong>Georg Philipp Telemann<\/strong> und <strong>Johann Ludwig Krebs<\/strong>. <strong>Silvia M\u00fcller<\/strong> (Blockfl\u00f6ten), <strong>Wakana Nishimura<\/strong> (Barockvioline), <strong>Soshi Nishimura<\/strong> (Viola da Gamba), <strong>Dorothea Weser<\/strong> (Orgel) und <strong>Christoph Dittmar<\/strong> (Cembalo) bilden seit diesem Jahr das wunderbar aufeinander eingespielte Ensemble alter Musik, dass trotz stilistischer und die Komponisten betreffender &#8222;Zw\u00e4nge&#8220; mit besonderen Neuerungen aufwartete. Durch die einzigartige Kombination aus Orgel und Cembalo entstand ein zugleich neuer als auch vertrauter Klang. Die ausgew\u00e4hlten St\u00fccke aus Johann Sebastian Bachs Orgelb\u00fcchlein mussten komplett f\u00fcr diese Besetzung vom Ensemble arrangiert werden, wobei die Fl\u00f6te als transponierendes Instrument sinnvoll in den neuen Gesamtklang integriert werden musste.<\/p>\n\n\n\n<figure class=\"wp-block-image size-large\"><img decoding=\"async\" width=\"1024\" height=\"848\" src=\"https:\/\/tkv-hochfranken.de\/wp-content\/uploads\/2024\/09\/HofCapelle5-klein-1024x848.jpg\" alt=\"\" class=\"wp-image-2760\" srcset=\"https:\/\/tkv-hochfranken.de\/wp-content\/uploads\/2024\/09\/HofCapelle5-klein-1024x848.jpg 1024w, https:\/\/tkv-hochfranken.de\/wp-content\/uploads\/2024\/09\/HofCapelle5-klein-300x249.jpg 300w, https:\/\/tkv-hochfranken.de\/wp-content\/uploads\/2024\/09\/HofCapelle5-klein-768x636.jpg 768w, https:\/\/tkv-hochfranken.de\/wp-content\/uploads\/2024\/09\/HofCapelle5-klein-1536x1272.jpg 1536w, https:\/\/tkv-hochfranken.de\/wp-content\/uploads\/2024\/09\/HofCapelle5-klein-2048x1697.jpg 2048w\" sizes=\"(max-width: 1024px) 100vw, 1024px\" \/><figcaption class=\"wp-element-caption\">Die <strong>HofCapelle<\/strong> in der Hofer Hospitalkirche (Fotos: TKV Hochfranken)<\/figcaption><\/figure>\n\n\n\n<p>Nicht weniger spannend war das vertraut-neue Klangerlebnis des Konzertes a-moll f\u00fcr 2 Cembali von Johann Ludwig Krebs, welches nun mit Cembalo und Orgel dargeboten wurde. Nichts an diesen wunderbaren Konzertabenden klang forciert oder gar unnat\u00fcrlich. Die Musiker spielten ihr Programm in einer Einheit und Einigkeit, die ihresgleichen sucht. Innerhalb der Werke konnte aber jeder der f\u00fcnf Spieler in einzelnen Passagen zeigen, wie sehr er oder sie das eignene Instrument beherrscht &#8211; und wahrlich, das taten sie alle. Wir freuen uns auf viele weitere zuk\u00fcnftige Leckerbissen mit der <strong>HofCapelle<\/strong> und dem auch durch sie sp\u00fcrbaren Aufwind der Alten Musik in unserer Region. Herzlichen Gl\u00fcckwunsch an diese neue musikalische Formation! Bei beiden Konzerten handelte es sich um eine Veranstaltung des <strong>Tonk\u00fcnstlerverbands Hochfranken e.V.<\/strong> , erm\u00f6glicht durch den <strong>Tonk\u00fcnstlerverband Bayern<\/strong> aus Mitteln des <strong>Bayerischen Staatsministerium f\u00fcr Wissenschaft und Kunst<\/strong> im Rahmen des Projekts <strong>Tonk\u00fcnstler Live Spezial<\/strong>! &#8211; JM \/ TKV Hochfranken<\/p>\n\n\n\n<figure class=\"wp-block-image size-large\"><img decoding=\"async\" width=\"1024\" height=\"683\" src=\"https:\/\/tkv-hochfranken.de\/wp-content\/uploads\/2024\/09\/20240908170419_DJ_0130-1024x683.jpg\" alt=\"\" class=\"wp-image-2779\" srcset=\"https:\/\/tkv-hochfranken.de\/wp-content\/uploads\/2024\/09\/20240908170419_DJ_0130-1024x683.jpg 1024w, https:\/\/tkv-hochfranken.de\/wp-content\/uploads\/2024\/09\/20240908170419_DJ_0130-300x200.jpg 300w, https:\/\/tkv-hochfranken.de\/wp-content\/uploads\/2024\/09\/20240908170419_DJ_0130-768x512.jpg 768w, https:\/\/tkv-hochfranken.de\/wp-content\/uploads\/2024\/09\/20240908170419_DJ_0130-1536x1024.jpg 1536w, https:\/\/tkv-hochfranken.de\/wp-content\/uploads\/2024\/09\/20240908170419_DJ_0130-2048x1365.jpg 2048w\" sizes=\"(max-width: 1024px) 100vw, 1024px\" \/><figcaption class=\"wp-element-caption\">Die <strong>HofCapelle<\/strong> in der Internationalen Musikbegegnungsst\u00e4tte Haus Marteau in Lichtenberg (Foto: Dirk John)<\/figcaption><\/figure>\n\n\n\n<p><\/p>\n<h3>Related Images:<\/h3>","protected":false},"excerpt":{"rendered":"<p>Die HofCapelle in Lichtenberg (Foto: Dirk John) Gleich zwei Konzerte gab die HofCapelle am 7. und 8. September mit ihrem Programm &#8222;Orgelb\u00fcchlein&#8220; in Hochfranken. Das noch junge aber schon hochgelobte Ensemble f\u00fcr Alte Musik war zu Gast in der Hospitalkirche in Hof (7. September 2024 um 17:00 Uhr) und in der Internationalen Musikbegegnungsst\u00e4tte Haus Marteau&#8230; <\/p>\n<div class=\"read-more navbutton\"><a href=\"https:\/\/tkv-hochfranken.de\/index.php\/2024\/09\/09\/zwei-beeindruckende-konzerte-der-hofcapelle-in-hochfranken\/\">Read More<i class=\"fa fa-angle-double-right\"><\/i><\/a><\/div>\n","protected":false},"author":1,"featured_media":0,"comment_status":"closed","ping_status":"","sticky":false,"template":"","format":"standard","meta":{"ngg_post_thumbnail":0,"footnotes":""},"categories":[1],"tags":[],"class_list":["post-2780","post","type-post","status-publish","format-standard","hentry","category-allgemein"],"_links":{"self":[{"href":"https:\/\/tkv-hochfranken.de\/index.php\/wp-json\/wp\/v2\/posts\/2780","targetHints":{"allow":["GET"]}}],"collection":[{"href":"https:\/\/tkv-hochfranken.de\/index.php\/wp-json\/wp\/v2\/posts"}],"about":[{"href":"https:\/\/tkv-hochfranken.de\/index.php\/wp-json\/wp\/v2\/types\/post"}],"author":[{"embeddable":true,"href":"https:\/\/tkv-hochfranken.de\/index.php\/wp-json\/wp\/v2\/users\/1"}],"replies":[{"embeddable":true,"href":"https:\/\/tkv-hochfranken.de\/index.php\/wp-json\/wp\/v2\/comments?post=2780"}],"version-history":[{"count":4,"href":"https:\/\/tkv-hochfranken.de\/index.php\/wp-json\/wp\/v2\/posts\/2780\/revisions"}],"predecessor-version":[{"id":2806,"href":"https:\/\/tkv-hochfranken.de\/index.php\/wp-json\/wp\/v2\/posts\/2780\/revisions\/2806"}],"wp:attachment":[{"href":"https:\/\/tkv-hochfranken.de\/index.php\/wp-json\/wp\/v2\/media?parent=2780"}],"wp:term":[{"taxonomy":"category","embeddable":true,"href":"https:\/\/tkv-hochfranken.de\/index.php\/wp-json\/wp\/v2\/categories?post=2780"},{"taxonomy":"post_tag","embeddable":true,"href":"https:\/\/tkv-hochfranken.de\/index.php\/wp-json\/wp\/v2\/tags?post=2780"}],"curies":[{"name":"wp","href":"https:\/\/api.w.org\/{rel}","templated":true}]}}