{"id":2811,"date":"2024-09-17T21:48:24","date_gmt":"2024-09-17T19:48:24","guid":{"rendered":"https:\/\/tkv-hochfranken.de\/?p=2811"},"modified":"2024-09-17T21:48:24","modified_gmt":"2024-09-17T19:48:24","slug":"wunderschoener-konzertnachmittag","status":"publish","type":"post","link":"https:\/\/tkv-hochfranken.de\/index.php\/2024\/09\/17\/wunderschoener-konzertnachmittag\/","title":{"rendered":"Wundersch\u00f6ner Konzertnachmittag"},"content":{"rendered":"\n<figure class=\"wp-block-image size-large\"><img fetchpriority=\"high\" decoding=\"async\" width=\"768\" height=\"1024\" src=\"https:\/\/tkv-hochfranken.de\/wp-content\/uploads\/2024\/09\/4b9a74f9-2b55-4a17-a298-57ff877f95d4-768x1024.jpg\" alt=\"\" class=\"wp-image-2809\" srcset=\"https:\/\/tkv-hochfranken.de\/wp-content\/uploads\/2024\/09\/4b9a74f9-2b55-4a17-a298-57ff877f95d4-768x1024.jpg 768w, https:\/\/tkv-hochfranken.de\/wp-content\/uploads\/2024\/09\/4b9a74f9-2b55-4a17-a298-57ff877f95d4-225x300.jpg 225w, https:\/\/tkv-hochfranken.de\/wp-content\/uploads\/2024\/09\/4b9a74f9-2b55-4a17-a298-57ff877f95d4-1152x1536.jpg 1152w, https:\/\/tkv-hochfranken.de\/wp-content\/uploads\/2024\/09\/4b9a74f9-2b55-4a17-a298-57ff877f95d4.jpg 1530w\" sizes=\"(max-width: 768px) 100vw, 768px\" \/><figcaption class=\"wp-element-caption\">Martin Seel, Katharina Graf und Wolfram Graf nach ihrem Konzert am 14. September in Hof. (Foto: TKV Hochfranken)<\/figcaption><\/figure>\n\n\n\n<p>Am Samstag, dem 14. September 2024 spielte <strong>Wolfram Graf <\/strong>(Klavier) um 15:30 Uhr zusammen mit <strong>Martin Seel<\/strong> an der Querfl\u00f6te sowie seiner Tochter <strong>Katharina Graf<\/strong> am Klavier Werke von Bach, Mozart, Beethoven, Moskowsky und Graf selbst in der Anthroposophische Gesellschaft in Hof. Der kleine aber restlos gef\u00fcllte Saal schw\u00e4rmte von einem Nachmittag, an welchem zwei <strong>Urauff\u00fchrungen<\/strong> erklangen. Innerhalb des wie immer konzeptionell gestalteten Programms erklangen aber auch ber\u00fchmte und unsterbliche Werke von Mozart oder Beethoven. Zusammen mit einer Et\u00fcde f\u00fcr Klavier konnte Katharina Graf ihr K\u00f6nnen unter Beweis stellen &#8211; und das tat die Studentin f\u00fcr Klavier aus Sulzbach-Rosenberg in ber\u00fchrender Weise. Martin Seel ist ein h\u00e4ufiger Gast bei den Konzerten von Wolfram Graf, mit dem er sich musikalisch bestens versteht. Von Bach \u00fcber Mozart bis hin zu spannenden Werken von Wolfram Graf selbst, wie die im Krebs komponierten &#8222;Spiegelbilder&#8220; (f\u00fcr Solo-Fl\u00f6te), ist Seel ein unerm\u00fcdlicher Kammermusiker mit zahlreichen Farben im Gep\u00e4ck, die besonders bei zeitgen\u00f6ssischer Musik reichlich dargeboten werden. <\/p>\n\n\n\n<p>Um die Sch\u00f6nheit dieses Farbenreichtums moderner Kompositionen noch besser kennen lernen zu k\u00f6nnen, empfielt sich ein besonderes Konzert in der &#8222;<strong>Villa Novalis<\/strong>&#8220; im nahegelegenen <strong>Hirschberg<\/strong> (Th\u00fcringen). <strong>Wolfram Graf<\/strong> und seine Musik bekommen dort einen kompletten Abend gewidmet. 16:00 Uhr bis 18:00 Uhr gibt es ein <strong>Gespr\u00e4chskonzert \u201eKomponistenportrait Wolfram Graf\u201c<\/strong> mit Werken f\u00fcr Klavier, Klavier und Querfl\u00f6te sowie Klavier und Violoncello. Neben Graf selbst sind erneut der Fl\u00f6tist <strong>Martin Seel<\/strong> und der Cellist <strong>Markus Jung<\/strong> von der Partie. Der Eintritt kostet 16,-Euro. Im Anschluss an das Konzert gibt es die M\u00f6glichkeit zu einem herbstlichen Gala-Dinner im Rittersaal des Anwesens. Eine Voranmeldung beim Veranstalter (Villa Novalis) ist hierf\u00fcr bis 7. Oktober m\u00f6glich und kostet 18,-Euro.<\/p>\n\n\n\n<p>Villa Novalis Hirschberg<br>Gerberstra\u00dfe 16 \/ Uferstra\u00dfe, 07927 Hirschberg (Th\u00fcringen)<\/p>\n<h3>Related Images:<\/h3>","protected":false},"excerpt":{"rendered":"<p>Martin Seel, Katharina Graf und Wolfram Graf nach ihrem Konzert am 14. September in Hof. (Foto: TKV Hochfranken) Am Samstag, dem 14. September 2024 spielte Wolfram Graf (Klavier) um 15:30 Uhr zusammen mit Martin Seel an der Querfl\u00f6te sowie seiner Tochter Katharina Graf am Klavier Werke von Bach, Mozart, Beethoven, Moskowsky und Graf selbst in&#8230; <\/p>\n<div class=\"read-more navbutton\"><a href=\"https:\/\/tkv-hochfranken.de\/index.php\/2024\/09\/17\/wunderschoener-konzertnachmittag\/\">Read More<i class=\"fa fa-angle-double-right\"><\/i><\/a><\/div>\n","protected":false},"author":1,"featured_media":0,"comment_status":"closed","ping_status":"","sticky":false,"template":"","format":"standard","meta":{"ngg_post_thumbnail":0,"footnotes":""},"categories":[1],"tags":[],"class_list":["post-2811","post","type-post","status-publish","format-standard","hentry","category-allgemein"],"_links":{"self":[{"href":"https:\/\/tkv-hochfranken.de\/index.php\/wp-json\/wp\/v2\/posts\/2811","targetHints":{"allow":["GET"]}}],"collection":[{"href":"https:\/\/tkv-hochfranken.de\/index.php\/wp-json\/wp\/v2\/posts"}],"about":[{"href":"https:\/\/tkv-hochfranken.de\/index.php\/wp-json\/wp\/v2\/types\/post"}],"author":[{"embeddable":true,"href":"https:\/\/tkv-hochfranken.de\/index.php\/wp-json\/wp\/v2\/users\/1"}],"replies":[{"embeddable":true,"href":"https:\/\/tkv-hochfranken.de\/index.php\/wp-json\/wp\/v2\/comments?post=2811"}],"version-history":[{"count":1,"href":"https:\/\/tkv-hochfranken.de\/index.php\/wp-json\/wp\/v2\/posts\/2811\/revisions"}],"predecessor-version":[{"id":2812,"href":"https:\/\/tkv-hochfranken.de\/index.php\/wp-json\/wp\/v2\/posts\/2811\/revisions\/2812"}],"wp:attachment":[{"href":"https:\/\/tkv-hochfranken.de\/index.php\/wp-json\/wp\/v2\/media?parent=2811"}],"wp:term":[{"taxonomy":"category","embeddable":true,"href":"https:\/\/tkv-hochfranken.de\/index.php\/wp-json\/wp\/v2\/categories?post=2811"},{"taxonomy":"post_tag","embeddable":true,"href":"https:\/\/tkv-hochfranken.de\/index.php\/wp-json\/wp\/v2\/tags?post=2811"}],"curies":[{"name":"wp","href":"https:\/\/api.w.org\/{rel}","templated":true}]}}