{"id":2825,"date":"2024-09-17T23:14:32","date_gmt":"2024-09-17T21:14:32","guid":{"rendered":"https:\/\/tkv-hochfranken.de\/?p=2825"},"modified":"2024-09-17T23:14:32","modified_gmt":"2024-09-17T21:14:32","slug":"zwei-grosse-konzerte-des-kammerchores-hof-in-hochfranken","status":"publish","type":"post","link":"https:\/\/tkv-hochfranken.de\/index.php\/2024\/09\/17\/zwei-grosse-konzerte-des-kammerchores-hof-in-hochfranken\/","title":{"rendered":"Zwei gro\u00dfe Konzerte des Kammerchor(es) Hof in Hochfranken"},"content":{"rendered":"\n<figure class=\"wp-block-image size-large\"><img fetchpriority=\"high\" decoding=\"async\" width=\"1024\" height=\"582\" src=\"https:\/\/tkv-hochfranken.de\/wp-content\/uploads\/2024\/09\/Kirchen-1024x582.jpg\" alt=\"\" class=\"wp-image-2824\" srcset=\"https:\/\/tkv-hochfranken.de\/wp-content\/uploads\/2024\/09\/Kirchen-1024x582.jpg 1024w, https:\/\/tkv-hochfranken.de\/wp-content\/uploads\/2024\/09\/Kirchen-300x170.jpg 300w, https:\/\/tkv-hochfranken.de\/wp-content\/uploads\/2024\/09\/Kirchen-768x436.jpg 768w, https:\/\/tkv-hochfranken.de\/wp-content\/uploads\/2024\/09\/Kirchen-1536x873.jpg 1536w, https:\/\/tkv-hochfranken.de\/wp-content\/uploads\/2024\/09\/Kirchen-2048x1164.jpg 2048w\" sizes=\"(max-width: 1024px) 100vw, 1024px\" \/><figcaption class=\"wp-element-caption\">Die Auferstehungskirche Bamberg am Konzerttag (links), der Kammerchor bei der Probe vor dem Konzert in der Kreuzkirche Hof (Mitte) und die Kreuzkirche Hof am Konzerttag (Fotos: Kammerchor Hof e.V.)<\/figcaption><\/figure>\n\n\n\n<p>Der <strong>Kammerchor Hof <\/strong>unter der Leitung des hochfr\u00e4nkischen TKV-Mitglieds <strong>Wolfgang Weser <\/strong>konzertierte zusammen mit dem Akkordeonisten <strong>Harald Oeler<\/strong>, der Organistin <strong>Dorothea Weser<\/strong> (ebenfalls beide im TKV Hochfranken) und der S\u00e4ngerin <strong>Yvonne Berg<\/strong> mit seinem neuen und atemberaubenden Programm <strong>\u201eWarning to the rich\u201c<\/strong> in der <strong>Kreuzkirche<\/strong> in <strong>Hof<\/strong> sowie der <strong>Auferstehungskirche<\/strong> in <strong>Bamberg<\/strong>. Es erklangen Werke von Bach, Carissimi, Clemens non papa, Doles, Dvo\u0159\u00e1k, Eisler, Jennefelt, Kod\u00e1ly, Lauridsen, De Monte und dem erst k\u00fcrzlich verstorbenen finnischen Nationalkomponisten Rautavaara. Das Ensemble hat sich mit seiner Qualit\u00e4t und den ausgew\u00e4hlten, feinsinnigen Programmen in ganz Franken seit Langem einen Namen gemacht und pr\u00e4sentierte nun mahnende St\u00fccke zur christlichen Sicht auf die Lebensweise \u201eof the rich\u201c &#8211; mit fesselnder Musik verschiedenster Epochen. Besonders das dem Programm den Namen gebende Werk von Jennefelt hinterlie\u00df einen bleibenden Eindruck. Fachpublikum und Presse lobten den Abend in den h\u00f6chsten T\u00f6nen bei einem Chor, der in der Region &#8222;&#8230;seines Gleichen suche&#8230;&#8220;. Nicht weniger beeindruckend waren die Akkordeonst\u00fccke zwischen den Chorwerken, die <strong>Harald Oeler<\/strong> mit gewohntem Farbenreichtum in einer Stille darbot, in der man eine fallende Stecknadel h\u00e4tte h\u00f6ren k\u00f6nnen. Dazu die wunderbare Stimme von <strong>Yvonne Berg<\/strong> und die sich wunderbar einf\u00fcgende Begleitung von Organistin <strong>Dorothea Weser<\/strong> &#8211; alles in allem gro\u00dfe Kunst, bei der auch wir nur gratulieren k\u00f6nnen!<\/p>\n<h3>Related Images:<\/h3>","protected":false},"excerpt":{"rendered":"<p>Die Auferstehungskirche Bamberg am Konzerttag (links), der Kammerchor bei der Probe vor dem Konzert in der Kreuzkirche Hof (Mitte) und die Kreuzkirche Hof am Konzerttag (Fotos: Kammerchor Hof e.V.) Der Kammerchor Hof unter der Leitung des hochfr\u00e4nkischen TKV-Mitglieds Wolfgang Weser konzertierte zusammen mit dem Akkordeonisten Harald Oeler, der Organistin Dorothea Weser (ebenfalls beide im TKV&#8230; <\/p>\n<div class=\"read-more navbutton\"><a href=\"https:\/\/tkv-hochfranken.de\/index.php\/2024\/09\/17\/zwei-grosse-konzerte-des-kammerchores-hof-in-hochfranken\/\">Read More<i class=\"fa fa-angle-double-right\"><\/i><\/a><\/div>\n","protected":false},"author":1,"featured_media":0,"comment_status":"closed","ping_status":"","sticky":false,"template":"","format":"standard","meta":{"ngg_post_thumbnail":0,"footnotes":""},"categories":[1],"tags":[],"class_list":["post-2825","post","type-post","status-publish","format-standard","hentry","category-allgemein"],"_links":{"self":[{"href":"https:\/\/tkv-hochfranken.de\/index.php\/wp-json\/wp\/v2\/posts\/2825","targetHints":{"allow":["GET"]}}],"collection":[{"href":"https:\/\/tkv-hochfranken.de\/index.php\/wp-json\/wp\/v2\/posts"}],"about":[{"href":"https:\/\/tkv-hochfranken.de\/index.php\/wp-json\/wp\/v2\/types\/post"}],"author":[{"embeddable":true,"href":"https:\/\/tkv-hochfranken.de\/index.php\/wp-json\/wp\/v2\/users\/1"}],"replies":[{"embeddable":true,"href":"https:\/\/tkv-hochfranken.de\/index.php\/wp-json\/wp\/v2\/comments?post=2825"}],"version-history":[{"count":1,"href":"https:\/\/tkv-hochfranken.de\/index.php\/wp-json\/wp\/v2\/posts\/2825\/revisions"}],"predecessor-version":[{"id":2826,"href":"https:\/\/tkv-hochfranken.de\/index.php\/wp-json\/wp\/v2\/posts\/2825\/revisions\/2826"}],"wp:attachment":[{"href":"https:\/\/tkv-hochfranken.de\/index.php\/wp-json\/wp\/v2\/media?parent=2825"}],"wp:term":[{"taxonomy":"category","embeddable":true,"href":"https:\/\/tkv-hochfranken.de\/index.php\/wp-json\/wp\/v2\/categories?post=2825"},{"taxonomy":"post_tag","embeddable":true,"href":"https:\/\/tkv-hochfranken.de\/index.php\/wp-json\/wp\/v2\/tags?post=2825"}],"curies":[{"name":"wp","href":"https:\/\/api.w.org\/{rel}","templated":true}]}}