{"id":2836,"date":"2024-09-20T17:24:51","date_gmt":"2024-09-20T15:24:51","guid":{"rendered":"https:\/\/tkv-hochfranken.de\/?p=2836"},"modified":"2024-09-20T17:24:51","modified_gmt":"2024-09-20T15:24:51","slug":"wichtig-nachholtermin-des-3-hallersteiner-nachtkonzertes-2024-mit-silvia-mueller-und-salvatore-rinnone-terminverschiebung-auf-den-2-november-2024-um-2000-uhr","status":"publish","type":"post","link":"https:\/\/tkv-hochfranken.de\/index.php\/2024\/09\/20\/wichtig-nachholtermin-des-3-hallersteiner-nachtkonzertes-2024-mit-silvia-mueller-und-salvatore-rinnone-terminverschiebung-auf-den-2-november-2024-um-2000-uhr\/","title":{"rendered":"WICHTIG: Nachholtermin des 3. Hallersteiner Nachtkonzertes 2024 mit Silvia M\u00fcller und Salvatore Rinnone &#8211; Terminverschiebung auf den 2. November 2024 um 20:00 Uhr"},"content":{"rendered":"\n<figure class=\"wp-block-image size-full\"><img fetchpriority=\"high\" decoding=\"async\" width=\"799\" height=\"698\" src=\"https:\/\/tkv-hochfranken.de\/wp-content\/uploads\/2024\/09\/Mueller.jpg\" alt=\"\" class=\"wp-image-2835\" srcset=\"https:\/\/tkv-hochfranken.de\/wp-content\/uploads\/2024\/09\/Mueller.jpg 799w, https:\/\/tkv-hochfranken.de\/wp-content\/uploads\/2024\/09\/Mueller-300x262.jpg 300w, https:\/\/tkv-hochfranken.de\/wp-content\/uploads\/2024\/09\/Mueller-768x671.jpg 768w\" sizes=\"(max-width: 799px) 100vw, 799px\" \/><\/figure>\n\n\n\n<p>Das 3. Hallersteiner Nachtkonzert mit Silvia M\u00fcller (Fl\u00f6ten) und Salvatore Rinnone (Rezitation) muss aufgrund von Krankheit kurzfristig verschoben werden. Wir bitten um Verzeihung! Das urspr\u00fcnglich am 21.09.2024 geplante Konzert findet nun am 02.11.2024 statt. Aufgrund des sp\u00e4teren Termins im Herbst startet es au\u00dferdem bereits 20:00 Uhr. Ansonsten bleibt alles gleich! Was erwartet Sie?<\/p>\n\n\n\n<p>Den Abschluss der Konzertreihe gibt die Blockfl\u00f6tistin <strong>Silvia M\u00fcller<\/strong>, die in mehreren sehr erfolgreichen Ensembles Alter Musik regelm\u00e4\u00dfig von sich h\u00f6ren l\u00e4sst. Sie konzertiert solistisch zusammen mit dem Sprecher <strong>Salvatore Rinnone<\/strong>. Es erklingen Werke von Karlheinz Stockhausen, Maki Ishii und italienische Musik aus dem Trecento mit Rezitation in Originalsprache: Das meditative Programm unter dem Titel <strong>\u201eSonnengesang\u201c<\/strong> bezieht sich auf den gleichnamigen Lobgesang von Franz von Assisi (\u201eCantico delle creature\u201c), auch bekannt als \u201eCantico di Frate Sole\u201c. Der Vortrag des Textes in italienischer Originalsprache wird von zeitgen\u00f6ssischen Werken f\u00fcr Blockfl\u00f6te solo und italienischer Musik des Trecento eingerahmt. Formendes Merkmal ist dabei der Kontrast &#8211; dies sowohl in Hinblick auf die zeitliche Spanne des gew\u00e4hlten Repertoires von ca. 650 Jahren, als auch auf die anklingenden Gegens\u00e4tze der vier Elemente Feuer, Wasser, Erde, Luft, die im Lobgesang eine zentrale Rolle spielen. <\/p>\n\n\n\n<p><strong>Silvia M\u00fcller<\/strong> konzertiert als Blockfl\u00f6tistin solistisch wie auch in verschiedenen kammermusikalischen Besetzungen im In- und Ausland. Neben ihrer Konzertt\u00e4tigkeit ist die geb\u00fcrtige Hoferin Dozentin im Fach Blockfl\u00f6te an der Musikschule der Hofer Symphoniker. <strong>Salvatore Rinnone<\/strong>, geboren in Sizilien, lebt seit 1995 in Hof. Neben seiner Unterrichtst\u00e4tigkeit an der Volkshochschule Hof im Fach Italienisch verfasst er Lieder und Gedichte und engagiert sich f\u00fcr verschiedene kulturelle und literarische Projekte. <\/p>\n\n\n\n<p>Eine Veranstaltung des <strong>Tonk\u00fcnstlerverbands Hochfranken e.V.<\/strong> in Kooperation mit der <strong>Musikschule des Landkreises Hof<\/strong> und der <strong>Evangelischen Kirchengemeinde Hallerstein<\/strong> unter der Gesamtleitung von <strong>Christopher von Mammen<\/strong>. Der Eintritt kostet 12,-\u20ac, die Konzerte beginnen normalerweise 21:00Uhr und enden 22:00 Uhr. <strong>Dieses Konzert hingegen beginnt ausnahmsweise bereits 20:00 Uhr<\/strong>. Herzliche Einladung in den Stadtteil Hallerstein der hochfr\u00e4nkischen Stadt Schwarzenbach an der Saale!<\/p>\n\n\n\n<p>Dorfkirche \/ (Pfarr-) Kirche Hallerstein<br>Hallerstein 1, 95126 Schwarzenbach an der Saale<\/p>\n<h3>Related Images:<\/h3>","protected":false},"excerpt":{"rendered":"<p>Das 3. Hallersteiner Nachtkonzert mit Silvia M\u00fcller (Fl\u00f6ten) und Salvatore Rinnone (Rezitation) muss aufgrund von Krankheit kurzfristig verschoben werden. Wir bitten um Verzeihung! Das urspr\u00fcnglich am 21.09.2024 geplante Konzert findet nun am 02.11.2024 statt. Aufgrund des sp\u00e4teren Termins im Herbst startet es au\u00dferdem bereits 20:00 Uhr. Ansonsten bleibt alles gleich! Was erwartet Sie? Den Abschluss&#8230; <\/p>\n<div class=\"read-more navbutton\"><a href=\"https:\/\/tkv-hochfranken.de\/index.php\/2024\/09\/20\/wichtig-nachholtermin-des-3-hallersteiner-nachtkonzertes-2024-mit-silvia-mueller-und-salvatore-rinnone-terminverschiebung-auf-den-2-november-2024-um-2000-uhr\/\">Read More<i class=\"fa fa-angle-double-right\"><\/i><\/a><\/div>\n","protected":false},"author":1,"featured_media":0,"comment_status":"closed","ping_status":"","sticky":false,"template":"","format":"standard","meta":{"ngg_post_thumbnail":0,"footnotes":""},"categories":[1],"tags":[],"class_list":["post-2836","post","type-post","status-publish","format-standard","hentry","category-allgemein"],"_links":{"self":[{"href":"https:\/\/tkv-hochfranken.de\/index.php\/wp-json\/wp\/v2\/posts\/2836","targetHints":{"allow":["GET"]}}],"collection":[{"href":"https:\/\/tkv-hochfranken.de\/index.php\/wp-json\/wp\/v2\/posts"}],"about":[{"href":"https:\/\/tkv-hochfranken.de\/index.php\/wp-json\/wp\/v2\/types\/post"}],"author":[{"embeddable":true,"href":"https:\/\/tkv-hochfranken.de\/index.php\/wp-json\/wp\/v2\/users\/1"}],"replies":[{"embeddable":true,"href":"https:\/\/tkv-hochfranken.de\/index.php\/wp-json\/wp\/v2\/comments?post=2836"}],"version-history":[{"count":1,"href":"https:\/\/tkv-hochfranken.de\/index.php\/wp-json\/wp\/v2\/posts\/2836\/revisions"}],"predecessor-version":[{"id":2837,"href":"https:\/\/tkv-hochfranken.de\/index.php\/wp-json\/wp\/v2\/posts\/2836\/revisions\/2837"}],"wp:attachment":[{"href":"https:\/\/tkv-hochfranken.de\/index.php\/wp-json\/wp\/v2\/media?parent=2836"}],"wp:term":[{"taxonomy":"category","embeddable":true,"href":"https:\/\/tkv-hochfranken.de\/index.php\/wp-json\/wp\/v2\/categories?post=2836"},{"taxonomy":"post_tag","embeddable":true,"href":"https:\/\/tkv-hochfranken.de\/index.php\/wp-json\/wp\/v2\/tags?post=2836"}],"curies":[{"name":"wp","href":"https:\/\/api.w.org\/{rel}","templated":true}]}}