{"id":2846,"date":"2024-10-07T21:06:43","date_gmt":"2024-10-07T19:06:43","guid":{"rendered":"https:\/\/tkv-hochfranken.de\/?p=2846"},"modified":"2024-10-07T21:32:45","modified_gmt":"2024-10-07T19:32:45","slug":"echte-volksmusik-vom-feinsten","status":"publish","type":"post","link":"https:\/\/tkv-hochfranken.de\/index.php\/2024\/10\/07\/echte-volksmusik-vom-feinsten\/","title":{"rendered":"Echte Volksmusik vom Feinsten"},"content":{"rendered":"\n<figure class=\"wp-block-image size-large\"><img fetchpriority=\"high\" decoding=\"async\" width=\"1024\" height=\"733\" src=\"https:\/\/tkv-hochfranken.de\/wp-content\/uploads\/2024\/10\/Volksmusik-01-1024x733.jpg\" alt=\"\" class=\"wp-image-2849\" srcset=\"https:\/\/tkv-hochfranken.de\/wp-content\/uploads\/2024\/10\/Volksmusik-01-1024x733.jpg 1024w, https:\/\/tkv-hochfranken.de\/wp-content\/uploads\/2024\/10\/Volksmusik-01-300x215.jpg 300w, https:\/\/tkv-hochfranken.de\/wp-content\/uploads\/2024\/10\/Volksmusik-01-768x550.jpg 768w, https:\/\/tkv-hochfranken.de\/wp-content\/uploads\/2024\/10\/Volksmusik-01-1536x1100.jpg 1536w, https:\/\/tkv-hochfranken.de\/wp-content\/uploads\/2024\/10\/Volksmusik-01-2048x1466.jpg 2048w\" sizes=\"(max-width: 1024px) 100vw, 1024px\" \/><figcaption class=\"wp-element-caption\">Tiroler Wechselsaitige beim Konzert in Hof (Foto: Freunde der Gitarre)<\/figcaption><\/figure>\n\n\n\n<p>Der Unterschied zwischen Volksmusik und volkst\u00fcmlicher Musik d\u00fcrfte den meisten Besucherinnen und Besuchern des 11. Gitarrenhighlights am 29. September bekannt gewesen sein. Die genaueren Erl\u00e4uterungen durch Joch Wei\u00dfbacher, einem der Gitarristen, waren den H\u00f6rerinnen und H\u00f6rern gewiss willkommen. &#8222;Der Mensch l\u00e4sst sich lieber unterhalten als unterrichten&#8220; &#8211; Durch die Beherzigung dieses Zitats des Wiener Hofpredigers Abraham a Santa Clara aus dem 18. Jahrhundert wurde dieses Konzert zu einem vergn\u00fcglichen Ereignis. Mit feinsten Nuancen brachten Stefan Hackl, Joch Wei\u00dfbacher (beide Gitarre bzw. Kontragitarre) sowie Reinhard Ehrenstra\u00dfer (Zither) die alpenl\u00e4ndische Volksmusik zum Klingen. Alte Handschriften, alte Aufnahmen und gelungene, sehr anspruchsvolle Bearbeitungen ergaben ein farbiges Bild der Sch\u00e4tze aus fast f\u00fcnfhundert Jahren &#8222;Saitengeschichte&#8220;. Das Publikum bedankte sich mit begeistertem Applaus f\u00fcr die musikalischen Kostbarkeiten und die fundierten musikwissenschaftlichen Begleittexte. &#8211; Monika Sobotta<\/p>\n\n\n\n<p><\/p>\n<h3>Related Images:<\/h3>","protected":false},"excerpt":{"rendered":"<p>Tiroler Wechselsaitige beim Konzert in Hof (Foto: Freunde der Gitarre) Der Unterschied zwischen Volksmusik und volkst\u00fcmlicher Musik d\u00fcrfte den meisten Besucherinnen und Besuchern des 11. Gitarrenhighlights am 29. September bekannt gewesen sein. Die genaueren Erl\u00e4uterungen durch Joch Wei\u00dfbacher, einem der Gitarristen, waren den H\u00f6rerinnen und H\u00f6rern gewiss willkommen. &#8222;Der Mensch l\u00e4sst sich lieber unterhalten als&#8230; <\/p>\n<div class=\"read-more navbutton\"><a href=\"https:\/\/tkv-hochfranken.de\/index.php\/2024\/10\/07\/echte-volksmusik-vom-feinsten\/\">Read More<i class=\"fa fa-angle-double-right\"><\/i><\/a><\/div>\n","protected":false},"author":1,"featured_media":0,"comment_status":"closed","ping_status":"","sticky":false,"template":"","format":"standard","meta":{"ngg_post_thumbnail":0,"footnotes":""},"categories":[1],"tags":[],"class_list":["post-2846","post","type-post","status-publish","format-standard","hentry","category-allgemein"],"_links":{"self":[{"href":"https:\/\/tkv-hochfranken.de\/index.php\/wp-json\/wp\/v2\/posts\/2846","targetHints":{"allow":["GET"]}}],"collection":[{"href":"https:\/\/tkv-hochfranken.de\/index.php\/wp-json\/wp\/v2\/posts"}],"about":[{"href":"https:\/\/tkv-hochfranken.de\/index.php\/wp-json\/wp\/v2\/types\/post"}],"author":[{"embeddable":true,"href":"https:\/\/tkv-hochfranken.de\/index.php\/wp-json\/wp\/v2\/users\/1"}],"replies":[{"embeddable":true,"href":"https:\/\/tkv-hochfranken.de\/index.php\/wp-json\/wp\/v2\/comments?post=2846"}],"version-history":[{"count":3,"href":"https:\/\/tkv-hochfranken.de\/index.php\/wp-json\/wp\/v2\/posts\/2846\/revisions"}],"predecessor-version":[{"id":2854,"href":"https:\/\/tkv-hochfranken.de\/index.php\/wp-json\/wp\/v2\/posts\/2846\/revisions\/2854"}],"wp:attachment":[{"href":"https:\/\/tkv-hochfranken.de\/index.php\/wp-json\/wp\/v2\/media?parent=2846"}],"wp:term":[{"taxonomy":"category","embeddable":true,"href":"https:\/\/tkv-hochfranken.de\/index.php\/wp-json\/wp\/v2\/categories?post=2846"},{"taxonomy":"post_tag","embeddable":true,"href":"https:\/\/tkv-hochfranken.de\/index.php\/wp-json\/wp\/v2\/tags?post=2846"}],"curies":[{"name":"wp","href":"https:\/\/api.w.org\/{rel}","templated":true}]}}