{"id":2863,"date":"2024-10-19T14:34:00","date_gmt":"2024-10-19T12:34:00","guid":{"rendered":"https:\/\/tkv-hochfranken.de\/?p=2863"},"modified":"2024-10-19T14:34:00","modified_gmt":"2024-10-19T12:34:00","slug":"tipp-mozart-abend-im-logenhaus","status":"publish","type":"post","link":"https:\/\/tkv-hochfranken.de\/index.php\/2024\/10\/19\/tipp-mozart-abend-im-logenhaus\/","title":{"rendered":"TIPP: Mozart-Abend im Logenhaus"},"content":{"rendered":"\n<figure class=\"wp-block-image size-large\"><img fetchpriority=\"high\" decoding=\"async\" width=\"725\" height=\"1024\" src=\"https:\/\/tkv-hochfranken.de\/wp-content\/uploads\/2024\/10\/Plakat-klein-725x1024.jpg\" alt=\"\" class=\"wp-image-2862\" srcset=\"https:\/\/tkv-hochfranken.de\/wp-content\/uploads\/2024\/10\/Plakat-klein-725x1024.jpg 725w, https:\/\/tkv-hochfranken.de\/wp-content\/uploads\/2024\/10\/Plakat-klein-212x300.jpg 212w, https:\/\/tkv-hochfranken.de\/wp-content\/uploads\/2024\/10\/Plakat-klein-768x1085.jpg 768w, https:\/\/tkv-hochfranken.de\/wp-content\/uploads\/2024\/10\/Plakat-klein-1087x1536.jpg 1087w, https:\/\/tkv-hochfranken.de\/wp-content\/uploads\/2024\/10\/Plakat-klein-1450x2048.jpg 1450w, https:\/\/tkv-hochfranken.de\/wp-content\/uploads\/2024\/10\/Plakat-klein.jpg 1699w\" sizes=\"(max-width: 725px) 100vw, 725px\" \/><\/figure>\n\n\n\n<p>Am Sonntag, 20. Oktober um 19:30 Uhr l\u00e4dt die Freimaurerloge Zum Morgenstern zu einem Solo-Abend mit drei Klaviersonaten von W.A. Mozart ein. Der Berliner Pianist, Liedbegleiter, Kammermusiker und Dozent an der Universit\u00e4t der K\u00fcnste, Frank-Immo Zichner ist bereits mehrfach in Hof aufgetreten und hat f\u00fcr seine Kunst gro\u00dfe Anerkennung erfahren. Kritiker r\u00fchmen seinen \u201esensiblen Anschlag, seine variable Dynamik, hinrei\u00dfende Spielfreude, gepaart mit brillanter Spieltechnik\u201c (<a href=\"https:\/\/deref-gmx.net\/mail\/client\/o09nMRxEjYs\/dereferrer\/?redirectUrl=http%3A%2F%2Forchestergraben.com\" target=\"_blank\" rel=\"noreferrer noopener\">orchestergraben.com<\/a>). F\u00fcr die CD mit dem Italienischen Liederbuch von Hugo Wolf erhielt der Pianist mit Mirella Hagen und Tobias Berndt zuletzt f\u00fcnf Sterne bei Klassik.com. Der K\u00fcnstler hat die Sonaten speziell f\u00fcr den Vortrag auf dem historischen Bl\u00fcthner-Fl\u00fcgel von 1880 ausgesucht. Er wird die St\u00fccke auch fachkundig erl\u00e4utern. Das Instrument wurde 2016 vorbildlich restauriert und zieht seitdem viele namhafte K\u00fcnstlerinnen und K\u00fcnstler an, die auch die ausgezeichnete Akustik des Logen-Festsaals sehr sch\u00e4tzen. Der Eintritt ist frei. Spenden sind willkommen.<\/p>\n\n\n\n<p>Logenhaus Zum Morgenstern i.O. Hof, Kreuzsteinstr. 23, 95028 Hof<\/p>\n<h3>Related Images:<\/h3>","protected":false},"excerpt":{"rendered":"<p>Am Sonntag, 20. Oktober um 19:30 Uhr l\u00e4dt die Freimaurerloge Zum Morgenstern zu einem Solo-Abend mit drei Klaviersonaten von W.A. Mozart ein. Der Berliner Pianist, Liedbegleiter, Kammermusiker und Dozent an der Universit\u00e4t der K\u00fcnste, Frank-Immo Zichner ist bereits mehrfach in Hof aufgetreten und hat f\u00fcr seine Kunst gro\u00dfe Anerkennung erfahren. Kritiker r\u00fchmen seinen \u201esensiblen Anschlag,&#8230; <\/p>\n<div class=\"read-more navbutton\"><a href=\"https:\/\/tkv-hochfranken.de\/index.php\/2024\/10\/19\/tipp-mozart-abend-im-logenhaus\/\">Read More<i class=\"fa fa-angle-double-right\"><\/i><\/a><\/div>\n","protected":false},"author":1,"featured_media":0,"comment_status":"closed","ping_status":"","sticky":false,"template":"","format":"standard","meta":{"ngg_post_thumbnail":0,"footnotes":""},"categories":[1],"tags":[],"class_list":["post-2863","post","type-post","status-publish","format-standard","hentry","category-allgemein"],"_links":{"self":[{"href":"https:\/\/tkv-hochfranken.de\/index.php\/wp-json\/wp\/v2\/posts\/2863","targetHints":{"allow":["GET"]}}],"collection":[{"href":"https:\/\/tkv-hochfranken.de\/index.php\/wp-json\/wp\/v2\/posts"}],"about":[{"href":"https:\/\/tkv-hochfranken.de\/index.php\/wp-json\/wp\/v2\/types\/post"}],"author":[{"embeddable":true,"href":"https:\/\/tkv-hochfranken.de\/index.php\/wp-json\/wp\/v2\/users\/1"}],"replies":[{"embeddable":true,"href":"https:\/\/tkv-hochfranken.de\/index.php\/wp-json\/wp\/v2\/comments?post=2863"}],"version-history":[{"count":1,"href":"https:\/\/tkv-hochfranken.de\/index.php\/wp-json\/wp\/v2\/posts\/2863\/revisions"}],"predecessor-version":[{"id":2864,"href":"https:\/\/tkv-hochfranken.de\/index.php\/wp-json\/wp\/v2\/posts\/2863\/revisions\/2864"}],"wp:attachment":[{"href":"https:\/\/tkv-hochfranken.de\/index.php\/wp-json\/wp\/v2\/media?parent=2863"}],"wp:term":[{"taxonomy":"category","embeddable":true,"href":"https:\/\/tkv-hochfranken.de\/index.php\/wp-json\/wp\/v2\/categories?post=2863"},{"taxonomy":"post_tag","embeddable":true,"href":"https:\/\/tkv-hochfranken.de\/index.php\/wp-json\/wp\/v2\/tags?post=2863"}],"curies":[{"name":"wp","href":"https:\/\/api.w.org\/{rel}","templated":true}]}}