{"id":2877,"date":"2024-10-29T18:13:54","date_gmt":"2024-10-29T17:13:54","guid":{"rendered":"https:\/\/tkv-hochfranken.de\/?p=2877"},"modified":"2024-10-29T18:19:14","modified_gmt":"2024-10-29T17:19:14","slug":"gitarrist-falk-zenker-kommt-nach-hof","status":"publish","type":"post","link":"https:\/\/tkv-hochfranken.de\/index.php\/2024\/10\/29\/gitarrist-falk-zenker-kommt-nach-hof\/","title":{"rendered":"Gitarren-Klangk\u00fcnstler Falk Zenker kommt nach Hof"},"content":{"rendered":"\n<figure class=\"wp-block-image size-large\"><img fetchpriority=\"high\" decoding=\"async\" width=\"744\" height=\"1024\" src=\"https:\/\/tkv-hochfranken.de\/wp-content\/uploads\/2024\/10\/Falk-Zenker-744x1024.jpg\" alt=\"\" class=\"wp-image-2875\" srcset=\"https:\/\/tkv-hochfranken.de\/wp-content\/uploads\/2024\/10\/Falk-Zenker-744x1024.jpg 744w, https:\/\/tkv-hochfranken.de\/wp-content\/uploads\/2024\/10\/Falk-Zenker-218x300.jpg 218w, https:\/\/tkv-hochfranken.de\/wp-content\/uploads\/2024\/10\/Falk-Zenker-768x1057.jpg 768w, https:\/\/tkv-hochfranken.de\/wp-content\/uploads\/2024\/10\/Falk-Zenker-1116x1536.jpg 1116w, https:\/\/tkv-hochfranken.de\/wp-content\/uploads\/2024\/10\/Falk-Zenker.jpg 1165w\" sizes=\"(max-width: 744px) 100vw, 744px\" \/><figcaption class=\"wp-element-caption\">Falk Zenker (Foto: Freunde der Gitarre)<\/figcaption><\/figure>\n\n\n\n<p>Der Weimarer Gitarrist, Komponist und Klangk\u00fcnstler <strong>Falk Zenker<\/strong> wurde unl\u00e4ngst von der Fachzeitschrift <strong>Akustik Gitarre<\/strong> zu einem \u201eder kreativsten Nylongitarristen des Landes\u201c gek\u00fcrt. Seit mittlerweile drei Dekaden begeistert er mit seinem virtuosen Gitarrenspiel zwischen Mittelalter, Klassik, Flamenco, Weltmusikmoderne, Improvisation und live geloopten Beats Publikum und Kritiker immer wieder aufs Neue. So schrieb beispielsweise das Jazzpodium \u00fcber ihn: <strong>\u201eEr ist ein Klangt\u00fcftler und Br\u00fcckenbauer der besonderen Art, klassisch geschult und gesegnet mit der Gabe, immer wieder auf sensible, stilvolle und ganz eigene Weise Verbindungen zwischen R\u00e4umen und Zeiten zu erschaffen, wie nur er das kann &#8211; liebenswert, weltb\u00fcrgerlich, typisch Zenker und sehr, sehr sch\u00f6n.\u201c<\/strong><\/p>\n\n\n\n<p>Aktuell spielt und improvisiert Zenker Musik seiner letzten drei Alben &#8222;Estampie&#8220;, &#8222;Falkenflug&#8220; und &#8222;Wellentanz&#8220; und neues noch unver\u00f6ffentlichtes Material. Mit raffiniertem Live-Looping vervielf\u00e4ltigt er dabei ab und an sein Gitarrenspiel zu orchestralpulsierenden Klanglandschaften, das er als erster deutscher Akustikgitarrist seit 1997 auf der B\u00fchne zelebriert.<\/p>\n\n\n\n<p>Falk Zenker verspricht ein inspirierendes Konzerterlebnis, in dem er R\u00e4ume schafft f\u00fcr schwereloses Tr\u00e4umen, atemberaubende H\u00f6henfl\u00fcge, heiter-kreative Gedankenspr\u00fcnge und f\u00fcr die Begegnung mit sich selbst. Der Eintritt kostet 15,-Euro, erm\u00e4\u00dfigt 10,-Euro. Herzliche Einladung in die Freikirche der Siebenten-Tags-Adventisten in der Lessingstra\u00dfe 30 in 95028 Hof!<\/p>\n<h3>Related Images:<\/h3>","protected":false},"excerpt":{"rendered":"<p>Falk Zenker (Foto: Freunde der Gitarre) Der Weimarer Gitarrist, Komponist und Klangk\u00fcnstler Falk Zenker wurde unl\u00e4ngst von der Fachzeitschrift Akustik Gitarre zu einem \u201eder kreativsten Nylongitarristen des Landes\u201c gek\u00fcrt. Seit mittlerweile drei Dekaden begeistert er mit seinem virtuosen Gitarrenspiel zwischen Mittelalter, Klassik, Flamenco, Weltmusikmoderne, Improvisation und live geloopten Beats Publikum und Kritiker immer wieder aufs&#8230; <\/p>\n<div class=\"read-more navbutton\"><a href=\"https:\/\/tkv-hochfranken.de\/index.php\/2024\/10\/29\/gitarrist-falk-zenker-kommt-nach-hof\/\">Read More<i class=\"fa fa-angle-double-right\"><\/i><\/a><\/div>\n","protected":false},"author":1,"featured_media":0,"comment_status":"closed","ping_status":"","sticky":false,"template":"","format":"standard","meta":{"ngg_post_thumbnail":0,"footnotes":""},"categories":[1],"tags":[],"class_list":["post-2877","post","type-post","status-publish","format-standard","hentry","category-allgemein"],"_links":{"self":[{"href":"https:\/\/tkv-hochfranken.de\/index.php\/wp-json\/wp\/v2\/posts\/2877","targetHints":{"allow":["GET"]}}],"collection":[{"href":"https:\/\/tkv-hochfranken.de\/index.php\/wp-json\/wp\/v2\/posts"}],"about":[{"href":"https:\/\/tkv-hochfranken.de\/index.php\/wp-json\/wp\/v2\/types\/post"}],"author":[{"embeddable":true,"href":"https:\/\/tkv-hochfranken.de\/index.php\/wp-json\/wp\/v2\/users\/1"}],"replies":[{"embeddable":true,"href":"https:\/\/tkv-hochfranken.de\/index.php\/wp-json\/wp\/v2\/comments?post=2877"}],"version-history":[{"count":2,"href":"https:\/\/tkv-hochfranken.de\/index.php\/wp-json\/wp\/v2\/posts\/2877\/revisions"}],"predecessor-version":[{"id":2882,"href":"https:\/\/tkv-hochfranken.de\/index.php\/wp-json\/wp\/v2\/posts\/2877\/revisions\/2882"}],"wp:attachment":[{"href":"https:\/\/tkv-hochfranken.de\/index.php\/wp-json\/wp\/v2\/media?parent=2877"}],"wp:term":[{"taxonomy":"category","embeddable":true,"href":"https:\/\/tkv-hochfranken.de\/index.php\/wp-json\/wp\/v2\/categories?post=2877"},{"taxonomy":"post_tag","embeddable":true,"href":"https:\/\/tkv-hochfranken.de\/index.php\/wp-json\/wp\/v2\/tags?post=2877"}],"curies":[{"name":"wp","href":"https:\/\/api.w.org\/{rel}","templated":true}]}}