{"id":2918,"date":"2024-12-10T23:05:36","date_gmt":"2024-12-10T22:05:36","guid":{"rendered":"https:\/\/tkv-hochfranken.de\/?p=2918"},"modified":"2024-12-10T23:05:36","modified_gmt":"2024-12-10T22:05:36","slug":"zweimal-klangspuerchen-am-8-januar-in-rehau","status":"publish","type":"post","link":"https:\/\/tkv-hochfranken.de\/index.php\/2024\/12\/10\/zweimal-klangspuerchen-am-8-januar-in-rehau\/","title":{"rendered":"Zweimal &#8222;Klangsp\u00fcrchen&#8220; am 8. Januar in Rehau"},"content":{"rendered":"\n<figure class=\"wp-block-image size-large\"><img fetchpriority=\"high\" decoding=\"async\" width=\"1024\" height=\"567\" src=\"https:\/\/tkv-hochfranken.de\/wp-content\/uploads\/2024\/02\/Bearbeitet-02-1024x567.jpg\" alt=\"\" class=\"wp-image-2456\" srcset=\"https:\/\/tkv-hochfranken.de\/wp-content\/uploads\/2024\/02\/Bearbeitet-02-1024x567.jpg 1024w, https:\/\/tkv-hochfranken.de\/wp-content\/uploads\/2024\/02\/Bearbeitet-02-300x166.jpg 300w, https:\/\/tkv-hochfranken.de\/wp-content\/uploads\/2024\/02\/Bearbeitet-02-768x425.jpg 768w, https:\/\/tkv-hochfranken.de\/wp-content\/uploads\/2024\/02\/Bearbeitet-02-1536x850.jpg 1536w, https:\/\/tkv-hochfranken.de\/wp-content\/uploads\/2024\/02\/Bearbeitet-02-2048x1133.jpg 2048w\" sizes=\"(max-width: 1024px) 100vw, 1024px\" \/><figcaption class=\"wp-element-caption\">Teilnehmende Sch\u00fclerinnen und Sch\u00fcler bei einem Konzert in der KlangManufaktur Hof (Foto: TKV)<\/figcaption><\/figure>\n\n\n\n<p>Am 8. Januar 2025 bietet der Tonk\u00fcnstlerverband Hochfranken e.V. gleich zwei <strong>&#8222;KlangSp\u00fcrchen&#8220;<\/strong>an. Diese ersten Sch\u00fclerkonzerte 2025 finden im Festsaal &#8222;<strong>Museum am Maxplatz<\/strong>&#8220; (<strong>Altes Rathaus<\/strong>) in <strong>Rehau<\/strong> statt. Die <strong>\u201eKlangSp\u00fcrchen\u201c<\/strong> sind eine Konzertereihe f\u00fcr Kinder und Jugendliche, die von den <strong>\u201eKlangSpuren\u201c-Konzerten<\/strong> inspiriert wurde. Inzwischen bestehen sie seit 2014 und finden etwa zwei- bis viermal im Jahr statt. Im Jahr 2017 hat <strong>Yasuko Sugimoto-Shestiperov<\/strong> die k\u00fcnstlerische Leitung \u00fcbernommen. In den \u201eKlangsp\u00fcrchen\u201c haben die jungen K\u00fcnstlerinnen und K\u00fcnstler die Gelegenheit, zu zeigen, was sie musikalisch alles so k\u00f6nnen. Dem Tonk\u00fcnstlerverband Hochfranken e.V. ist die F\u00f6rderung des Nachwuchses ein besonderes Anliegen. <\/p>\n\n\n\n<p>Im Allgemeinen k\u00f6nnen Sch\u00fclerinnen und Sch\u00fcler der Region Hochfranken teilnehmen, indem sie sich bei Frau Sugimoto-Shestiperov anmelden. (Bei Interesse schreiben Sie uns bitte eine Email unter <a href=\"mailto:vorstand@tkv-hochfranken.de\">vorstand@tkv-hochfranken.de<\/a> mit dem Betreff \u201eKlangSp\u00fcrchen\u201c und Ihren Programmvorschl\u00e4gen.) Bitte beachten Sie ein eventuelles Thema der kommenden Konzerte bei der Programmauswahl. Im Januar liegt der Fokus auf der Wettbewerbsvorbereitung &#8222;Jugend Musiziert&#8220;. Herzliche Einladung an alle Zuh\u00f6rer und Spieler! Der Eintritt ist frei!<\/p>\n\n\n\n<figure class=\"wp-block-image size-large\"><img decoding=\"async\" width=\"1024\" height=\"612\" src=\"https:\/\/tkv-hochfranken.de\/wp-content\/uploads\/2024\/01\/Bearbeitet-02-1024x612.jpg\" alt=\"\" class=\"wp-image-2449\" srcset=\"https:\/\/tkv-hochfranken.de\/wp-content\/uploads\/2024\/01\/Bearbeitet-02-1024x612.jpg 1024w, https:\/\/tkv-hochfranken.de\/wp-content\/uploads\/2024\/01\/Bearbeitet-02-300x179.jpg 300w, https:\/\/tkv-hochfranken.de\/wp-content\/uploads\/2024\/01\/Bearbeitet-02-768x459.jpg 768w, https:\/\/tkv-hochfranken.de\/wp-content\/uploads\/2024\/01\/Bearbeitet-02-1536x917.jpg 1536w, https:\/\/tkv-hochfranken.de\/wp-content\/uploads\/2024\/01\/Bearbeitet-02-2048x1223.jpg 2048w\" sizes=\"(max-width: 1024px) 100vw, 1024px\" \/><figcaption class=\"wp-element-caption\">Bei einem der Konzerte im Haus der Musik in Hof (Foto: TKV)<\/figcaption><\/figure>\n<h3>Related Images:<\/h3>","protected":false},"excerpt":{"rendered":"<p>Teilnehmende Sch\u00fclerinnen und Sch\u00fcler bei einem Konzert in der KlangManufaktur Hof (Foto: TKV) Am 8. Januar 2025 bietet der Tonk\u00fcnstlerverband Hochfranken e.V. gleich zwei &#8222;KlangSp\u00fcrchen&#8220;an. Diese ersten Sch\u00fclerkonzerte 2025 finden im Festsaal &#8222;Museum am Maxplatz&#8220; (Altes Rathaus) in Rehau statt. Die \u201eKlangSp\u00fcrchen\u201c sind eine Konzertereihe f\u00fcr Kinder und Jugendliche, die von den \u201eKlangSpuren\u201c-Konzerten inspiriert wurde&#8230;. <\/p>\n<div class=\"read-more navbutton\"><a href=\"https:\/\/tkv-hochfranken.de\/index.php\/2024\/12\/10\/zweimal-klangspuerchen-am-8-januar-in-rehau\/\">Read More<i class=\"fa fa-angle-double-right\"><\/i><\/a><\/div>\n","protected":false},"author":1,"featured_media":0,"comment_status":"closed","ping_status":"","sticky":false,"template":"","format":"standard","meta":{"ngg_post_thumbnail":0,"footnotes":""},"categories":[1],"tags":[],"class_list":["post-2918","post","type-post","status-publish","format-standard","hentry","category-allgemein"],"_links":{"self":[{"href":"https:\/\/tkv-hochfranken.de\/index.php\/wp-json\/wp\/v2\/posts\/2918","targetHints":{"allow":["GET"]}}],"collection":[{"href":"https:\/\/tkv-hochfranken.de\/index.php\/wp-json\/wp\/v2\/posts"}],"about":[{"href":"https:\/\/tkv-hochfranken.de\/index.php\/wp-json\/wp\/v2\/types\/post"}],"author":[{"embeddable":true,"href":"https:\/\/tkv-hochfranken.de\/index.php\/wp-json\/wp\/v2\/users\/1"}],"replies":[{"embeddable":true,"href":"https:\/\/tkv-hochfranken.de\/index.php\/wp-json\/wp\/v2\/comments?post=2918"}],"version-history":[{"count":1,"href":"https:\/\/tkv-hochfranken.de\/index.php\/wp-json\/wp\/v2\/posts\/2918\/revisions"}],"predecessor-version":[{"id":2919,"href":"https:\/\/tkv-hochfranken.de\/index.php\/wp-json\/wp\/v2\/posts\/2918\/revisions\/2919"}],"wp:attachment":[{"href":"https:\/\/tkv-hochfranken.de\/index.php\/wp-json\/wp\/v2\/media?parent=2918"}],"wp:term":[{"taxonomy":"category","embeddable":true,"href":"https:\/\/tkv-hochfranken.de\/index.php\/wp-json\/wp\/v2\/categories?post=2918"},{"taxonomy":"post_tag","embeddable":true,"href":"https:\/\/tkv-hochfranken.de\/index.php\/wp-json\/wp\/v2\/tags?post=2918"}],"curies":[{"name":"wp","href":"https:\/\/api.w.org\/{rel}","templated":true}]}}