{"id":2920,"date":"2024-12-10T23:14:50","date_gmt":"2024-12-10T22:14:50","guid":{"rendered":"https:\/\/tkv-hochfranken.de\/?p=2920"},"modified":"2024-12-10T23:14:50","modified_gmt":"2024-12-10T22:14:50","slug":"erfolgreiche-mitgliederversammlung-2024","status":"publish","type":"post","link":"https:\/\/tkv-hochfranken.de\/index.php\/2024\/12\/10\/erfolgreiche-mitgliederversammlung-2024\/","title":{"rendered":"Erfolgreiche Mitgliederversammlung 2024"},"content":{"rendered":"\n<figure class=\"wp-block-image size-large\"><img fetchpriority=\"high\" decoding=\"async\" width=\"1024\" height=\"664\" src=\"https:\/\/tkv-hochfranken.de\/wp-content\/uploads\/2024\/12\/01-1024x664.jpg\" alt=\"\" class=\"wp-image-2915\" srcset=\"https:\/\/tkv-hochfranken.de\/wp-content\/uploads\/2024\/12\/01-1024x664.jpg 1024w, https:\/\/tkv-hochfranken.de\/wp-content\/uploads\/2024\/12\/01-300x195.jpg 300w, https:\/\/tkv-hochfranken.de\/wp-content\/uploads\/2024\/12\/01-768x498.jpg 768w, https:\/\/tkv-hochfranken.de\/wp-content\/uploads\/2024\/12\/01.jpg 1215w\" sizes=\"(max-width: 1024px) 100vw, 1024px\" \/><figcaption class=\"wp-element-caption\">Ein Teil der anwesenden Mitglieder genie\u00dft das Zusammensein nach einer erfolgreichen Sitzung (Foto: TKV)<\/figcaption><\/figure>\n\n\n\n<p>Der Tonk\u00fcnstlerverband Hochfranken hat am 08.12.2024 seine diesj\u00e4hrige Mitgliederversammlung erfolgreich hinter sich gebracht. In einer wie gewohnt entspannten aber konstruktiven Atmosh\u00e4re kl\u00e4rte der gemeinn\u00fctzige Verband die vielen Fragen und Herausforderungen der aktuellen Zeit. Einen Gro\u00dfteil der Versammlung machte der Bericht der Entwicklung vergangener Jahre aus. Unz\u00e4hlige Veranstaltungen wurden erw\u00e4hnt und bewertet. Vieles wird auch im neuen Jahr passieren. Gleichzeitig erwarten wir neue Herausforderungen nicht nur durch die aktuelle Finanzlage der Stadt Hof und des gesamten Kulturbetriebs in Deutschland. Details zur Versammlung folgen f\u00fcr unsere Mitglieder via Protokoll. F\u00fcr alle anderen Interessenten unserer Arbeit laden wir Sie herzlich ein, dem Tonk\u00fcnstlerverband als aktives Mitglied oder F\u00f6rdermitglied beizutreten um gemeinsam mit uns die Kultur in Hochfranken weiter voranzubringen und zu gestalten.<\/p>\n<h3>Related Images:<\/h3>","protected":false},"excerpt":{"rendered":"<p>Ein Teil der anwesenden Mitglieder genie\u00dft das Zusammensein nach einer erfolgreichen Sitzung (Foto: TKV) Der Tonk\u00fcnstlerverband Hochfranken hat am 08.12.2024 seine diesj\u00e4hrige Mitgliederversammlung erfolgreich hinter sich gebracht. In einer wie gewohnt entspannten aber konstruktiven Atmosh\u00e4re kl\u00e4rte der gemeinn\u00fctzige Verband die vielen Fragen und Herausforderungen der aktuellen Zeit. Einen Gro\u00dfteil der Versammlung machte der Bericht der&#8230; <\/p>\n<div class=\"read-more navbutton\"><a href=\"https:\/\/tkv-hochfranken.de\/index.php\/2024\/12\/10\/erfolgreiche-mitgliederversammlung-2024\/\">Read More<i class=\"fa fa-angle-double-right\"><\/i><\/a><\/div>\n","protected":false},"author":1,"featured_media":0,"comment_status":"closed","ping_status":"","sticky":false,"template":"","format":"standard","meta":{"ngg_post_thumbnail":0,"footnotes":""},"categories":[1],"tags":[],"class_list":["post-2920","post","type-post","status-publish","format-standard","hentry","category-allgemein"],"_links":{"self":[{"href":"https:\/\/tkv-hochfranken.de\/index.php\/wp-json\/wp\/v2\/posts\/2920","targetHints":{"allow":["GET"]}}],"collection":[{"href":"https:\/\/tkv-hochfranken.de\/index.php\/wp-json\/wp\/v2\/posts"}],"about":[{"href":"https:\/\/tkv-hochfranken.de\/index.php\/wp-json\/wp\/v2\/types\/post"}],"author":[{"embeddable":true,"href":"https:\/\/tkv-hochfranken.de\/index.php\/wp-json\/wp\/v2\/users\/1"}],"replies":[{"embeddable":true,"href":"https:\/\/tkv-hochfranken.de\/index.php\/wp-json\/wp\/v2\/comments?post=2920"}],"version-history":[{"count":1,"href":"https:\/\/tkv-hochfranken.de\/index.php\/wp-json\/wp\/v2\/posts\/2920\/revisions"}],"predecessor-version":[{"id":2921,"href":"https:\/\/tkv-hochfranken.de\/index.php\/wp-json\/wp\/v2\/posts\/2920\/revisions\/2921"}],"wp:attachment":[{"href":"https:\/\/tkv-hochfranken.de\/index.php\/wp-json\/wp\/v2\/media?parent=2920"}],"wp:term":[{"taxonomy":"category","embeddable":true,"href":"https:\/\/tkv-hochfranken.de\/index.php\/wp-json\/wp\/v2\/categories?post=2920"},{"taxonomy":"post_tag","embeddable":true,"href":"https:\/\/tkv-hochfranken.de\/index.php\/wp-json\/wp\/v2\/tags?post=2920"}],"curies":[{"name":"wp","href":"https:\/\/api.w.org\/{rel}","templated":true}]}}