{"id":2924,"date":"2024-12-15T19:46:34","date_gmt":"2024-12-15T18:46:34","guid":{"rendered":"https:\/\/tkv-hochfranken.de\/?p=2924"},"modified":"2025-05-09T02:16:01","modified_gmt":"2025-05-09T00:16:01","slug":"grosse-ehrung-dietmar-ungerank-wird-die-johann-christian-reinhart-medaille-der-stadt-hof-verliehen","status":"publish","type":"post","link":"https:\/\/tkv-hochfranken.de\/index.php\/2024\/12\/15\/grosse-ehrung-dietmar-ungerank-wird-die-johann-christian-reinhart-medaille-der-stadt-hof-verliehen\/","title":{"rendered":"Gro\u00dfe Ehrung: Dietmar Ungerank wird die Johann-Christian-Reinhart-Medaille der Stadt Hof verliehen"},"content":{"rendered":"\n<figure class=\"wp-block-image size-large\"><img fetchpriority=\"high\" decoding=\"async\" width=\"1024\" height=\"770\" src=\"https:\/\/tkv-hochfranken.de\/wp-content\/uploads\/2024\/12\/01-1-1024x770.jpg\" alt=\"\" class=\"wp-image-2922\" srcset=\"https:\/\/tkv-hochfranken.de\/wp-content\/uploads\/2024\/12\/01-1-1024x770.jpg 1024w, https:\/\/tkv-hochfranken.de\/wp-content\/uploads\/2024\/12\/01-1-300x226.jpg 300w, https:\/\/tkv-hochfranken.de\/wp-content\/uploads\/2024\/12\/01-1-768x578.jpg 768w, https:\/\/tkv-hochfranken.de\/wp-content\/uploads\/2024\/12\/01-1-1536x1155.jpg 1536w, https:\/\/tkv-hochfranken.de\/wp-content\/uploads\/2024\/12\/01-1-2048x1541.jpg 2048w\" sizes=\"(max-width: 1024px) 100vw, 1024px\" \/><figcaption class=\"wp-element-caption\">Oberb\u00fcrgermeisterin Eva D\u00f6hla \u00fcberreicht Dietmar Ungerank die hohe Auszeichnung im Gro\u00dfen Sitzungssaal des Rathauses der Stadt Hof (Foto: TKV Hochfranken)<\/figcaption><\/figure>\n\n\n\n<p>Was f\u00fcr ein sch\u00f6ner Tag f\u00fcr unser <strong>Ehrenmitglied<\/strong> im <strong>Tonk\u00fcnstlerverband Hochranken e.V.<\/strong> <strong>DIETMAR UNGERANK<\/strong> am 7. Novermber 2024. Im Gro\u00dfen Sitzungssaal des Rathauses in Hof fehlt es an St\u00fchlen, als 19:00 Uhr <strong>Oberb\u00fcrgermeisterin Eva D\u00f6hla<\/strong> mit ihrer Ehrung beginnen m\u00f6chte. Freunde, F\u00f6rderer, (ehemalige) Sch\u00fcler, Wegbegleiter und andere kulturinteressierte Menschen aus Nah und Fern kamen zahlreich zusammen um zu feiern, denn Dietmar Ungerank wurde die <strong>Johann-Christian-Reinhart-Medaille<\/strong> der Stadt Hof verliehen &#8211; die h\u00f6chste Auszeichnung der Stadt f\u00fcr besondere kulturelle Leistungen. Auch als <strong>Johann-Christian-Reinhart-Plakette<\/strong> bekannt, wird sie an Personen verliehen, durch deren k\u00fcnstlerische, schriftstellerische, stadthistorische und denkmalpflegerische Leistung die Kultur (der Stadt Hof) nachgewiesenerma\u00dfen eine Bereicherung erf\u00e4hrt, heisst es. Auf Vorschlag des <strong>Hofer Stadtrates <\/strong>wird die Auszeichnung vom amtierenden Oberb\u00fcrgermeister bzw. der amtierenden Oberb\u00fcrgermeisterin verliehen. Der <strong>Tonk\u00fcnstlerverband Hochfranken e.V.<\/strong> freut sich au\u00dferordentlich, dass sein <strong>ehemaliger Vorsitzender<\/strong> und unser <strong>Ehrenmitglied Dietmar Ungerank<\/strong> ausgew\u00e4hlt wurde, diese hohe Auszeichnung \u00fcberreicht zu bekommen.<\/p>\n\n\n\n<p><em>\u201eMit der Johann-Christian-Reinhart-Medaille wird Dietmar Ungeranks herausragendes Engagement im Namen des Stadtrates, der Stadtverwaltung und der gesamten B\u00fcrgerschaft gew\u00fcrdigt. Die Medaille soll als Zeichen der Wertsch\u00e4tzung dienen und die Bedeutung der Kultur in Hof unterstreichen &#8211; sei es die sogenannte Hochkultur oder die alternativen K\u00fcnste\u201c,<\/em> sagte Oberb\u00fcrgermeisterin Eva D\u00f6hla w\u00e4hrend ihrer Rede.<\/p>\n\n\n\n<p>Auch Ungerank wurde diese Ehrenmedaille in Anerkennung seines au\u00dfergew\u00f6hnlichen Engagements und seiner unerm\u00fcdlichen Beitr\u00e4ge zur kulturellen Vielfalt der Stadt Hof verliehen. Zu seiner k\u00fcnstlerischen Arbeit f\u00fcr diese Region sei seine jahrzehntelange T\u00e4tigkeit als <strong>Lehrer f\u00fcr Gitarre<\/strong> an der <strong>Musikschule der Hofer Symphoniker<\/strong> genannt, wo er auch lange als <strong>Fachbereichsleiter f\u00fcr Zupfinstrumente<\/strong> agierte. Seit den 1980er Jahren rief Ungerank mehrere <strong>Gitarrenfestivals<\/strong> ins Leben, bei denen sich K\u00fcnstler aus aller Welt in Hof trafen. Dazu kommt sein erheblicher <strong>kompositorischer Beitrag<\/strong>, seine Arbeit als <strong>Arrangeur <\/strong>und seine <strong>Auftritte<\/strong> als aus\u00fcbender K\u00fcnstler, die ihn zus\u00e4tzlich durch zahlreiche europ\u00e4ische L\u00e4nder bis nach S\u00fcdamerika f\u00fchrten. Seine Werke sind bei <strong>rennomierten Verlagen<\/strong> erschienen, seine <strong>CD-Einspielungen<\/strong> sind ebenfalls von beachtlicher Menge. Zudem war Ungerank <strong>Vorsitzender unseres Tonk\u00fcnstlerverbands,<\/strong> wodurch er auch hier \u00fcber viele Jahre hinweg die lokale Musikszene nachhaltig pr\u00e4gte. Auch heute gelingt ihm das &#8211; mit der international aufgestellten Konzertreihe <strong>&#8222;Gitarrenhighlights&#8220; <\/strong>und den h\u00e4ufig mit Preisen ausgezeichneten Sch\u00fclern seiner <strong>Hofer Gitarrenschule &#8222;Freunde der Gitarre&#8220;<\/strong>.<\/p>\n\n\n\n<p>Zu den musikalischen Beitr\u00e4gen an diesem Abend geh\u00f6rten die Gitarristen <strong>Nikolas G\u00f6hl<\/strong> aus Wien, <strong>Anne Haasch<\/strong> aus Weimar und der aus vom Blues stammende <strong>Rainer Brunn<\/strong> aus Stegaurach. Neben der Rede der Oberb\u00fcrgermeisterin <strong>Eva D\u00f6hla<\/strong> und ein paar herzlichen Worte des Kulturamtsleiters der Stadt Hof Herrn <strong>Peter N\u00fcrmberger<\/strong> hielt <strong>Kurt Hopf<\/strong>, Tr\u00e4ger der Johann-Christian-Reinhart-Medaille 2000 &#8211; die Laudatio f\u00fcr Dietmar Ungerank.<\/p>\n\n\n\n<figure class=\"wp-block-image size-large\"><img decoding=\"async\" width=\"1024\" height=\"775\" src=\"https:\/\/tkv-hochfranken.de\/wp-content\/uploads\/2024\/12\/02-1024x775.jpg\" alt=\"\" class=\"wp-image-2923\" srcset=\"https:\/\/tkv-hochfranken.de\/wp-content\/uploads\/2024\/12\/02-1024x775.jpg 1024w, https:\/\/tkv-hochfranken.de\/wp-content\/uploads\/2024\/12\/02-300x227.jpg 300w, https:\/\/tkv-hochfranken.de\/wp-content\/uploads\/2024\/12\/02-768x581.jpg 768w, https:\/\/tkv-hochfranken.de\/wp-content\/uploads\/2024\/12\/02-1536x1162.jpg 1536w, https:\/\/tkv-hochfranken.de\/wp-content\/uploads\/2024\/12\/02-2048x1549.jpg 2048w\" sizes=\"(max-width: 1024px) 100vw, 1024px\" \/><figcaption class=\"wp-element-caption\">Oberb\u00fcrgermeisterin Eva D\u00f6hla bei der Auszeichnung am 7. November 2024 im Gro\u00dfen Sitzungssaal des Rathauses der Stadt Hof (Foto: TKV Hochfranken)<\/figcaption><\/figure>\n\n\n\n<p><\/p>\n\n\n\n<p>\/\/ Markus Jung, 1. Vorsitzender des Tonk\u00fcnstlerverbandes Hochfranken e.V.<\/p>\n<h3>Related Images:<\/h3>","protected":false},"excerpt":{"rendered":"<p>Oberb\u00fcrgermeisterin Eva D\u00f6hla \u00fcberreicht Dietmar Ungerank die hohe Auszeichnung im Gro\u00dfen Sitzungssaal des Rathauses der Stadt Hof (Foto: TKV Hochfranken) Was f\u00fcr ein sch\u00f6ner Tag f\u00fcr unser Ehrenmitglied im Tonk\u00fcnstlerverband Hochranken e.V. DIETMAR UNGERANK am 7. Novermber 2024. Im Gro\u00dfen Sitzungssaal des Rathauses in Hof fehlt es an St\u00fchlen, als 19:00 Uhr Oberb\u00fcrgermeisterin Eva D\u00f6hla&#8230; <\/p>\n<div class=\"read-more navbutton\"><a href=\"https:\/\/tkv-hochfranken.de\/index.php\/2024\/12\/15\/grosse-ehrung-dietmar-ungerank-wird-die-johann-christian-reinhart-medaille-der-stadt-hof-verliehen\/\">Read More<i class=\"fa fa-angle-double-right\"><\/i><\/a><\/div>\n","protected":false},"author":1,"featured_media":0,"comment_status":"closed","ping_status":"","sticky":false,"template":"","format":"standard","meta":{"ngg_post_thumbnail":0,"footnotes":""},"categories":[1],"tags":[],"class_list":["post-2924","post","type-post","status-publish","format-standard","hentry","category-allgemein"],"_links":{"self":[{"href":"https:\/\/tkv-hochfranken.de\/index.php\/wp-json\/wp\/v2\/posts\/2924","targetHints":{"allow":["GET"]}}],"collection":[{"href":"https:\/\/tkv-hochfranken.de\/index.php\/wp-json\/wp\/v2\/posts"}],"about":[{"href":"https:\/\/tkv-hochfranken.de\/index.php\/wp-json\/wp\/v2\/types\/post"}],"author":[{"embeddable":true,"href":"https:\/\/tkv-hochfranken.de\/index.php\/wp-json\/wp\/v2\/users\/1"}],"replies":[{"embeddable":true,"href":"https:\/\/tkv-hochfranken.de\/index.php\/wp-json\/wp\/v2\/comments?post=2924"}],"version-history":[{"count":4,"href":"https:\/\/tkv-hochfranken.de\/index.php\/wp-json\/wp\/v2\/posts\/2924\/revisions"}],"predecessor-version":[{"id":3353,"href":"https:\/\/tkv-hochfranken.de\/index.php\/wp-json\/wp\/v2\/posts\/2924\/revisions\/3353"}],"wp:attachment":[{"href":"https:\/\/tkv-hochfranken.de\/index.php\/wp-json\/wp\/v2\/media?parent=2924"}],"wp:term":[{"taxonomy":"category","embeddable":true,"href":"https:\/\/tkv-hochfranken.de\/index.php\/wp-json\/wp\/v2\/categories?post=2924"},{"taxonomy":"post_tag","embeddable":true,"href":"https:\/\/tkv-hochfranken.de\/index.php\/wp-json\/wp\/v2\/tags?post=2924"}],"curies":[{"name":"wp","href":"https:\/\/api.w.org\/{rel}","templated":true}]}}