{"id":2956,"date":"2025-01-08T23:40:53","date_gmt":"2025-01-08T22:40:53","guid":{"rendered":"https:\/\/tkv-hochfranken.de\/?p=2956"},"modified":"2025-01-08T23:56:25","modified_gmt":"2025-01-08T22:56:25","slug":"zwei-erfolgreiche-klangspuerchen-eroeffnen-das-neue-verbandsjahr-2025","status":"publish","type":"post","link":"https:\/\/tkv-hochfranken.de\/index.php\/2025\/01\/08\/zwei-erfolgreiche-klangspuerchen-eroeffnen-das-neue-verbandsjahr-2025\/","title":{"rendered":"Zwei erfolgreiche KLANGSP\u00dcRCHEN er\u00f6ffnen das neue Verbandsjahr 2025"},"content":{"rendered":"\n<figure class=\"wp-block-image size-large\"><img fetchpriority=\"high\" decoding=\"async\" width=\"1024\" height=\"786\" src=\"https:\/\/tkv-hochfranken.de\/wp-content\/uploads\/2025\/01\/002-1024x786.jpg\" alt=\"\" class=\"wp-image-2951\" srcset=\"https:\/\/tkv-hochfranken.de\/wp-content\/uploads\/2025\/01\/002-1024x786.jpg 1024w, https:\/\/tkv-hochfranken.de\/wp-content\/uploads\/2025\/01\/002-300x230.jpg 300w, https:\/\/tkv-hochfranken.de\/wp-content\/uploads\/2025\/01\/002-768x590.jpg 768w, https:\/\/tkv-hochfranken.de\/wp-content\/uploads\/2025\/01\/002-1536x1180.jpg 1536w, https:\/\/tkv-hochfranken.de\/wp-content\/uploads\/2025\/01\/002-2048x1573.jpg 2048w\" sizes=\"(max-width: 1024px) 100vw, 1024px\" \/><figcaption class=\"wp-element-caption\">Mit den Teilnehmern des zweiten Klangsp\u00fcrchen-Konzertes 2025 (Foto: TKV Hochfranken)<\/figcaption><\/figure>\n\n\n\n<p>Unter der gewohnt souver\u00e4nen Leitung von <strong>Yasuko Sugimoto-Shestiperov<\/strong> erklangen am 8. Januar gleich zwei Konzerte der Reihe &#8222;<strong>Klangsp\u00fcrchen<\/strong>&#8222;. Die Sch\u00fclerkonzertreihe fand dieses Mal im Festsaal &#8222;<strong>Museum am Maxplatz<\/strong>&#8220; (<strong>Altes Rathaus<\/strong>) in <strong>Rehau<\/strong> statt. Die <strong>&#8222;KlangSp\u00fcrchen<\/strong>&#8220; sind eine Konzertereihe f\u00fcr vor allem Kinder und Jugendliche, die von den <strong>&#8222;KlangSpuren&#8220;-Konzerten<\/strong> inspiriert wurde. Inzwischen bestehen sie seit 2014 und finden etwa zwei- bis viermal im Jahr statt. Im Jahr 2017 hat <strong>Yasuko Sugimoto-Shestiperov<\/strong> die k\u00fcnstlerische Leitung \u00fcbernommen und seither viele Kolleginnen und Kollegen dazu animiert, deren Sch\u00fclerinnen und Sch\u00fcler hier auftreten zu lassen. <\/p>\n\n\n\n<figure class=\"wp-block-image size-large\"><img decoding=\"async\" width=\"1024\" height=\"790\" src=\"https:\/\/tkv-hochfranken.de\/wp-content\/uploads\/2025\/01\/001-1024x790.jpg\" alt=\"\" class=\"wp-image-2950\" srcset=\"https:\/\/tkv-hochfranken.de\/wp-content\/uploads\/2025\/01\/001-1024x790.jpg 1024w, https:\/\/tkv-hochfranken.de\/wp-content\/uploads\/2025\/01\/001-300x231.jpg 300w, https:\/\/tkv-hochfranken.de\/wp-content\/uploads\/2025\/01\/001-768x592.jpg 768w, https:\/\/tkv-hochfranken.de\/wp-content\/uploads\/2025\/01\/001-1536x1185.jpg 1536w, https:\/\/tkv-hochfranken.de\/wp-content\/uploads\/2025\/01\/001-2048x1579.jpg 2048w\" sizes=\"(max-width: 1024px) 100vw, 1024px\" \/><figcaption class=\"wp-element-caption\">Mit den Teilnehmern des ersten Klangsp\u00fcrchen-Konzertes 2025 (Foto: TKV Hochfranken)<\/figcaption><\/figure>\n\n\n\n<p>In den &#8222;<strong>Klangsp\u00fcrchen<\/strong>&#8220; haben die jungen K\u00fcnstlerinnen und K\u00fcnstler die Gelegenheit, zu zeigen, was sie musikalisch alles so k\u00f6nnen. Dem <strong>Tonk\u00fcnstlerverband Hochfranken e.V.<\/strong> ist die <strong>F\u00f6rderung des musikalischen Nachwuchses<\/strong> ein besonderes Anliegen. Und der konnte sich wieder einmal h\u00f6ren lassen: zahlreiche tolle Leistungen auf Violine, Violoncello, Klavier, Querfl\u00f6te und Klarinette erklangen, die das Publikum &#8211; darunter der B\u00fcrgermeister der Stadt Rehau Michael Abraham &#8211; begeistert aufhorchen lie\u00dfen.<\/p>\n\n\n\n<figure class=\"wp-block-image size-large\"><img decoding=\"async\" width=\"1024\" height=\"796\" src=\"https:\/\/tkv-hochfranken.de\/wp-content\/uploads\/2025\/01\/003-1024x796.jpg\" alt=\"\" class=\"wp-image-2952\" srcset=\"https:\/\/tkv-hochfranken.de\/wp-content\/uploads\/2025\/01\/003-1024x796.jpg 1024w, https:\/\/tkv-hochfranken.de\/wp-content\/uploads\/2025\/01\/003-300x233.jpg 300w, https:\/\/tkv-hochfranken.de\/wp-content\/uploads\/2025\/01\/003-768x597.jpg 768w, https:\/\/tkv-hochfranken.de\/wp-content\/uploads\/2025\/01\/003-1536x1194.jpg 1536w, https:\/\/tkv-hochfranken.de\/wp-content\/uploads\/2025\/01\/003-2048x1592.jpg 2048w\" sizes=\"(max-width: 1024px) 100vw, 1024px\" \/><figcaption class=\"wp-element-caption\">Weg in den Festsaal &#8222;Museum am Maxplatz&#8220; (Altes Rathaus) in Rehau (Foto: TKV Hochfranken)<\/figcaption><\/figure>\n\n\n\n<p>Im Allgemeinen k\u00f6nnen Sch\u00fclerinnen und Sch\u00fcler der Region Hochfranken teilnehmen, indem sie sich bei Frau Sugimoto-Shestiperov anmelden. Eine Beziehung zum <strong>Tonk\u00fcnstlerverband Hochfranken e.V.<\/strong> ist w\u00fcnschenswert aber kein Muss. (Bei Interesse schreiben Sie uns bitte eine Email unter <a href=\"mailto:vorstand@tkv-hochfranken.de\">vorstand@tkv-hochfranken.de<\/a> mit dem Betreff &#8222;KlangSp\u00fcrchen&#8220; und Ihren Programmvorschl\u00e4gen.) Bitte beachten Sie ein eventuelles Thema der kommenden Konzerte bei der Programmauswahl. Im Januar lag der Fokus auf der Wettbewerbsvorbereitung <strong>&#8222;Jugend Musiziert&#8220; 2025<\/strong>. Der Eintritt war wie immer frei! Den jungen Talenten w\u00fcnschen wir <strong>viel Erfolg <\/strong>f\u00fcr den kommenden Wettbewerb und <strong>alles Gute<\/strong> f\u00fcr den weiteren musikalischen Weg!<\/p>\n\n\n\n<figure class=\"wp-block-image size-large\"><img loading=\"lazy\" decoding=\"async\" width=\"1024\" height=\"619\" src=\"https:\/\/tkv-hochfranken.de\/wp-content\/uploads\/2025\/01\/004-1024x619.jpg\" alt=\"\" class=\"wp-image-2953\" srcset=\"https:\/\/tkv-hochfranken.de\/wp-content\/uploads\/2025\/01\/004-1024x619.jpg 1024w, https:\/\/tkv-hochfranken.de\/wp-content\/uploads\/2025\/01\/004-300x181.jpg 300w, https:\/\/tkv-hochfranken.de\/wp-content\/uploads\/2025\/01\/004-768x464.jpg 768w, https:\/\/tkv-hochfranken.de\/wp-content\/uploads\/2025\/01\/004-1536x929.jpg 1536w, https:\/\/tkv-hochfranken.de\/wp-content\/uploads\/2025\/01\/004-2048x1238.jpg 2048w\" sizes=\"(max-width: 1024px) 100vw, 1024px\" \/><figcaption class=\"wp-element-caption\">W\u00e4hrend des ersten Klangsp\u00fcrchen-Konzertes 2025 (Foto: TKV Hochfranken)<\/figcaption><\/figure>\n\n\n\n<p><\/p>\n\n\n\n<p><\/p>\n<h3>Related Images:<\/h3>","protected":false},"excerpt":{"rendered":"<p>Mit den Teilnehmern des zweiten Klangsp\u00fcrchen-Konzertes 2025 (Foto: TKV Hochfranken) Unter der gewohnt souver\u00e4nen Leitung von Yasuko Sugimoto-Shestiperov erklangen am 8. Januar gleich zwei Konzerte der Reihe &#8222;Klangsp\u00fcrchen&#8222;. Die Sch\u00fclerkonzertreihe fand dieses Mal im Festsaal &#8222;Museum am Maxplatz&#8220; (Altes Rathaus) in Rehau statt. Die &#8222;KlangSp\u00fcrchen&#8220; sind eine Konzertereihe f\u00fcr vor allem Kinder und Jugendliche, die&#8230; <\/p>\n<div class=\"read-more navbutton\"><a href=\"https:\/\/tkv-hochfranken.de\/index.php\/2025\/01\/08\/zwei-erfolgreiche-klangspuerchen-eroeffnen-das-neue-verbandsjahr-2025\/\">Read More<i class=\"fa fa-angle-double-right\"><\/i><\/a><\/div>\n","protected":false},"author":1,"featured_media":0,"comment_status":"closed","ping_status":"","sticky":false,"template":"","format":"standard","meta":{"ngg_post_thumbnail":0,"footnotes":""},"categories":[1],"tags":[],"class_list":["post-2956","post","type-post","status-publish","format-standard","hentry","category-allgemein"],"_links":{"self":[{"href":"https:\/\/tkv-hochfranken.de\/index.php\/wp-json\/wp\/v2\/posts\/2956","targetHints":{"allow":["GET"]}}],"collection":[{"href":"https:\/\/tkv-hochfranken.de\/index.php\/wp-json\/wp\/v2\/posts"}],"about":[{"href":"https:\/\/tkv-hochfranken.de\/index.php\/wp-json\/wp\/v2\/types\/post"}],"author":[{"embeddable":true,"href":"https:\/\/tkv-hochfranken.de\/index.php\/wp-json\/wp\/v2\/users\/1"}],"replies":[{"embeddable":true,"href":"https:\/\/tkv-hochfranken.de\/index.php\/wp-json\/wp\/v2\/comments?post=2956"}],"version-history":[{"count":3,"href":"https:\/\/tkv-hochfranken.de\/index.php\/wp-json\/wp\/v2\/posts\/2956\/revisions"}],"predecessor-version":[{"id":2959,"href":"https:\/\/tkv-hochfranken.de\/index.php\/wp-json\/wp\/v2\/posts\/2956\/revisions\/2959"}],"wp:attachment":[{"href":"https:\/\/tkv-hochfranken.de\/index.php\/wp-json\/wp\/v2\/media?parent=2956"}],"wp:term":[{"taxonomy":"category","embeddable":true,"href":"https:\/\/tkv-hochfranken.de\/index.php\/wp-json\/wp\/v2\/categories?post=2956"},{"taxonomy":"post_tag","embeddable":true,"href":"https:\/\/tkv-hochfranken.de\/index.php\/wp-json\/wp\/v2\/tags?post=2956"}],"curies":[{"name":"wp","href":"https:\/\/api.w.org\/{rel}","templated":true}]}}