{"id":2972,"date":"2025-01-09T21:41:51","date_gmt":"2025-01-09T20:41:51","guid":{"rendered":"https:\/\/tkv-hochfranken.de\/?p=2972"},"modified":"2025-01-09T21:48:48","modified_gmt":"2025-01-09T20:48:48","slug":"gwaaf","status":"publish","type":"post","link":"https:\/\/tkv-hochfranken.de\/index.php\/2025\/01\/09\/gwaaf\/","title":{"rendered":"Hochfr\u00e4nkischer Vorsitzender zu Gast bei Talkrunde mit Roland Spranger"},"content":{"rendered":"\n<figure class=\"wp-block-image size-full\"><img fetchpriority=\"high\" decoding=\"async\" width=\"991\" height=\"907\" src=\"https:\/\/tkv-hochfranken.de\/wp-content\/uploads\/2025\/01\/Foto-Markus-Jung.jpg\" alt=\"\" class=\"wp-image-2964\" srcset=\"https:\/\/tkv-hochfranken.de\/wp-content\/uploads\/2025\/01\/Foto-Markus-Jung.jpg 991w, https:\/\/tkv-hochfranken.de\/wp-content\/uploads\/2025\/01\/Foto-Markus-Jung-300x275.jpg 300w, https:\/\/tkv-hochfranken.de\/wp-content\/uploads\/2025\/01\/Foto-Markus-Jung-768x703.jpg 768w\" sizes=\"(max-width: 991px) 100vw, 991px\" \/><figcaption class=\"wp-element-caption\">Markus Jung zu Gast bei &#8222;Gwaaf zer Nacht&#8220; (Foto: Jens Gottl\u00f6ber)<\/figcaption><\/figure>\n\n\n\n<p>Am Donnerstag, dem 16. Januar 2025 wirdder hochfr\u00e4nkische <strong>TKV-Vorsitzende Markus Jung<\/strong> zu Gast in \u201e<strong>Gwaaf zer Nacht \u2013 <\/strong>(der)<strong> Talkshow ohne Kameras<\/strong>&#8220; sein. Der bekannte Schriftsteller <strong>Roland Spranger<\/strong> leitet die Rederunde und spricht ungezwungen mit seinen G\u00e4sten, darunter Bundestagsmitglied <strong>J\u00f6rg N\u00fcrnberger<\/strong> oder aber auch <strong>Markus Jung<\/strong>. Die Themen werden nicht selten spontan vor Ort entschieden\u2026 freuen Sie sich auf einen interessanten und zumeist heiteren Abend. Herzliche Einladung ins <strong>KunstKaufHaus Hof<\/strong> (K\u00f6nigstra\u00dfe 25, 95028 Hof)!<\/p>\n<h3>Related Images:<\/h3>","protected":false},"excerpt":{"rendered":"<p>Markus Jung zu Gast bei &#8222;Gwaaf zer Nacht&#8220; (Foto: Jens Gottl\u00f6ber) Am Donnerstag, dem 16. Januar 2025 wirdder hochfr\u00e4nkische TKV-Vorsitzende Markus Jung zu Gast in \u201eGwaaf zer Nacht \u2013 (der) Talkshow ohne Kameras&#8220; sein. Der bekannte Schriftsteller Roland Spranger leitet die Rederunde und spricht ungezwungen mit seinen G\u00e4sten, darunter Bundestagsmitglied J\u00f6rg N\u00fcrnberger oder aber auch&#8230; <\/p>\n<div class=\"read-more navbutton\"><a href=\"https:\/\/tkv-hochfranken.de\/index.php\/2025\/01\/09\/gwaaf\/\">Read More<i class=\"fa fa-angle-double-right\"><\/i><\/a><\/div>\n","protected":false},"author":1,"featured_media":0,"comment_status":"closed","ping_status":"","sticky":false,"template":"","format":"standard","meta":{"ngg_post_thumbnail":0,"footnotes":""},"categories":[1],"tags":[],"class_list":["post-2972","post","type-post","status-publish","format-standard","hentry","category-allgemein"],"_links":{"self":[{"href":"https:\/\/tkv-hochfranken.de\/index.php\/wp-json\/wp\/v2\/posts\/2972","targetHints":{"allow":["GET"]}}],"collection":[{"href":"https:\/\/tkv-hochfranken.de\/index.php\/wp-json\/wp\/v2\/posts"}],"about":[{"href":"https:\/\/tkv-hochfranken.de\/index.php\/wp-json\/wp\/v2\/types\/post"}],"author":[{"embeddable":true,"href":"https:\/\/tkv-hochfranken.de\/index.php\/wp-json\/wp\/v2\/users\/1"}],"replies":[{"embeddable":true,"href":"https:\/\/tkv-hochfranken.de\/index.php\/wp-json\/wp\/v2\/comments?post=2972"}],"version-history":[{"count":3,"href":"https:\/\/tkv-hochfranken.de\/index.php\/wp-json\/wp\/v2\/posts\/2972\/revisions"}],"predecessor-version":[{"id":2975,"href":"https:\/\/tkv-hochfranken.de\/index.php\/wp-json\/wp\/v2\/posts\/2972\/revisions\/2975"}],"wp:attachment":[{"href":"https:\/\/tkv-hochfranken.de\/index.php\/wp-json\/wp\/v2\/media?parent=2972"}],"wp:term":[{"taxonomy":"category","embeddable":true,"href":"https:\/\/tkv-hochfranken.de\/index.php\/wp-json\/wp\/v2\/categories?post=2972"},{"taxonomy":"post_tag","embeddable":true,"href":"https:\/\/tkv-hochfranken.de\/index.php\/wp-json\/wp\/v2\/tags?post=2972"}],"curies":[{"name":"wp","href":"https:\/\/api.w.org\/{rel}","templated":true}]}}