{"id":2976,"date":"2025-01-09T21:58:09","date_gmt":"2025-01-09T20:58:09","guid":{"rendered":"https:\/\/tkv-hochfranken.de\/?p=2976"},"modified":"2025-01-09T22:11:13","modified_gmt":"2025-01-09T21:11:13","slug":"hochfraenkischer-tonkuenstlerverband-lobt-erneut-preis-bei-wettbewerb-aus","status":"publish","type":"post","link":"https:\/\/tkv-hochfranken.de\/index.php\/2025\/01\/09\/hochfraenkischer-tonkuenstlerverband-lobt-erneut-preis-bei-wettbewerb-aus\/","title":{"rendered":"Hochfr\u00e4nkischer Tonk\u00fcnstlerverband lobt erneut Preis bei Musikwettbewerb aus"},"content":{"rendered":"\n<figure class=\"wp-block-image size-large\"><img fetchpriority=\"high\" decoding=\"async\" width=\"1024\" height=\"768\" src=\"https:\/\/tkv-hochfranken.de\/wp-content\/uploads\/2024\/06\/Klangspuren-16.6.24-Rehau-19-1024x768.jpg\" alt=\"\" class=\"wp-image-2682\" srcset=\"https:\/\/tkv-hochfranken.de\/wp-content\/uploads\/2024\/06\/Klangspuren-16.6.24-Rehau-19-1024x768.jpg 1024w, https:\/\/tkv-hochfranken.de\/wp-content\/uploads\/2024\/06\/Klangspuren-16.6.24-Rehau-19-300x225.jpg 300w, https:\/\/tkv-hochfranken.de\/wp-content\/uploads\/2024\/06\/Klangspuren-16.6.24-Rehau-19-768x576.jpg 768w, https:\/\/tkv-hochfranken.de\/wp-content\/uploads\/2024\/06\/Klangspuren-16.6.24-Rehau-19-1536x1152.jpg 1536w, https:\/\/tkv-hochfranken.de\/wp-content\/uploads\/2024\/06\/Klangspuren-16.6.24-Rehau-19.jpg 2000w\" sizes=\"(max-width: 1024px) 100vw, 1024px\" \/><figcaption class=\"wp-element-caption\">Die letzten drei vergangenen Preistr\u00e4ger Henrike Neumann, Dana Sch\u00f6rner und Jeroen Sigl (v.l.n.r.) in Rehau bei einem Konzert des Verbandes (Foto: Jens Gottl\u00f6ber)<\/figcaption><\/figure>\n\n\n\n<p>Am Sonntag, dem 26. Januar 2025 wird erneut der &#8222;<strong>Florestan und Eusebius-Preis&#8220;<\/strong> des <strong>Tonk\u00fcnstlerverbandes Hochfranken e.V. <\/strong>verliehen. Innerhalb des <strong>Preistr\u00e4gerkonzertes<\/strong> des <strong>Regionalwettbewerbes &#8222;Jugend musiziert&#8220; Hochfranken<\/strong> 2025 in <strong>Rehau<\/strong> durch den <strong>1. Vorsitzenden Markus Jung<\/strong> wird ein junges Talent den mit 300,-Euro dotierten Preis innerhalb des Abschlusskonzertes erhalten. Ort des Geschehens ist dieses Mal das <strong>Schulzentrum Rehau<\/strong> in der Pilgramsreuther Stra\u00dfe 34 (95111 Rehau). Schirmherr ist der <strong>1. B\u00fcrgermeister der Stadt Rehau Michael Abraham<\/strong>. Wir freuen uns auf ein spannendes Konzert mit den jungen regionalen Musikern, die der Verband auf diese Weise seit Jahren f\u00f6rdert. <\/p>\n\n\n\n<p>Die letzten drei Preistr\u00e4ger (Foto) spielten bei den &#8222;<strong>45. Klangspuren<\/strong>&#8220; am 16. Juni 2024 eine Matin\u00e9e im Festsaal des Alten Rathauses am Maxplatz in Rehau zusammen ein Konzert mit weiteren Verbandsmitgliedern. Mit Spannung erwarten wir, wer sich als n\u00e4chstes in die Riege der Preistr\u00e4gerinnen und Preistr\u00e4ger einreihen darf.<\/p>\n\n\n\n<p><\/p>\n<h3>Related Images:<\/h3>","protected":false},"excerpt":{"rendered":"<p>Die letzten drei vergangenen Preistr\u00e4ger Henrike Neumann, Dana Sch\u00f6rner und Jeroen Sigl (v.l.n.r.) in Rehau bei einem Konzert des Verbandes (Foto: Jens Gottl\u00f6ber) Am Sonntag, dem 26. Januar 2025 wird erneut der &#8222;Florestan und Eusebius-Preis&#8220; des Tonk\u00fcnstlerverbandes Hochfranken e.V. verliehen. Innerhalb des Preistr\u00e4gerkonzertes des Regionalwettbewerbes &#8222;Jugend musiziert&#8220; Hochfranken 2025 in Rehau durch den 1. Vorsitzenden&#8230; <\/p>\n<div class=\"read-more navbutton\"><a href=\"https:\/\/tkv-hochfranken.de\/index.php\/2025\/01\/09\/hochfraenkischer-tonkuenstlerverband-lobt-erneut-preis-bei-wettbewerb-aus\/\">Read More<i class=\"fa fa-angle-double-right\"><\/i><\/a><\/div>\n","protected":false},"author":1,"featured_media":0,"comment_status":"closed","ping_status":"","sticky":false,"template":"","format":"standard","meta":{"ngg_post_thumbnail":0,"footnotes":""},"categories":[1],"tags":[],"class_list":["post-2976","post","type-post","status-publish","format-standard","hentry","category-allgemein"],"_links":{"self":[{"href":"https:\/\/tkv-hochfranken.de\/index.php\/wp-json\/wp\/v2\/posts\/2976","targetHints":{"allow":["GET"]}}],"collection":[{"href":"https:\/\/tkv-hochfranken.de\/index.php\/wp-json\/wp\/v2\/posts"}],"about":[{"href":"https:\/\/tkv-hochfranken.de\/index.php\/wp-json\/wp\/v2\/types\/post"}],"author":[{"embeddable":true,"href":"https:\/\/tkv-hochfranken.de\/index.php\/wp-json\/wp\/v2\/users\/1"}],"replies":[{"embeddable":true,"href":"https:\/\/tkv-hochfranken.de\/index.php\/wp-json\/wp\/v2\/comments?post=2976"}],"version-history":[{"count":2,"href":"https:\/\/tkv-hochfranken.de\/index.php\/wp-json\/wp\/v2\/posts\/2976\/revisions"}],"predecessor-version":[{"id":2982,"href":"https:\/\/tkv-hochfranken.de\/index.php\/wp-json\/wp\/v2\/posts\/2976\/revisions\/2982"}],"wp:attachment":[{"href":"https:\/\/tkv-hochfranken.de\/index.php\/wp-json\/wp\/v2\/media?parent=2976"}],"wp:term":[{"taxonomy":"category","embeddable":true,"href":"https:\/\/tkv-hochfranken.de\/index.php\/wp-json\/wp\/v2\/categories?post=2976"},{"taxonomy":"post_tag","embeddable":true,"href":"https:\/\/tkv-hochfranken.de\/index.php\/wp-json\/wp\/v2\/tags?post=2976"}],"curies":[{"name":"wp","href":"https:\/\/api.w.org\/{rel}","templated":true}]}}