{"id":3016,"date":"2025-01-29T21:13:52","date_gmt":"2025-01-29T20:13:52","guid":{"rendered":"https:\/\/tkv-hochfranken.de\/?p=3016"},"modified":"2025-01-29T22:04:22","modified_gmt":"2025-01-29T21:04:22","slug":"vorspielabend-der-musikschule-freunde-der-gitarre-zur-wettbewerbsvorbereitung","status":"publish","type":"post","link":"https:\/\/tkv-hochfranken.de\/index.php\/2025\/01\/29\/vorspielabend-der-musikschule-freunde-der-gitarre-zur-wettbewerbsvorbereitung\/","title":{"rendered":"Vorspielabend der Musikschule &#8218;Freunde der Gitarre&#8216; zur Wettbewerbsvorbereitung"},"content":{"rendered":"\n<figure class=\"wp-block-image size-large\"><img fetchpriority=\"high\" decoding=\"async\" width=\"770\" height=\"1024\" src=\"https:\/\/tkv-hochfranken.de\/wp-content\/uploads\/2025\/01\/Collage-770x1024.jpg\" alt=\"\" class=\"wp-image-3020\" srcset=\"https:\/\/tkv-hochfranken.de\/wp-content\/uploads\/2025\/01\/Collage-770x1024.jpg 770w, https:\/\/tkv-hochfranken.de\/wp-content\/uploads\/2025\/01\/Collage-226x300.jpg 226w, https:\/\/tkv-hochfranken.de\/wp-content\/uploads\/2025\/01\/Collage-768x1021.jpg 768w, https:\/\/tkv-hochfranken.de\/wp-content\/uploads\/2025\/01\/Collage-1156x1536.jpg 1156w, https:\/\/tkv-hochfranken.de\/wp-content\/uploads\/2025\/01\/Collage-1541x2048.jpg 1541w, https:\/\/tkv-hochfranken.de\/wp-content\/uploads\/2025\/01\/Collage-scaled.jpg 1926w\" sizes=\"(max-width: 770px) 100vw, 770px\" \/><figcaption class=\"wp-element-caption\">Einige der Sch\u00fclerinnen und Sch\u00fcler beim Vorspielabend (Fotos: Freunde der Gitarre)<\/figcaption><\/figure>\n\n\n\n<p>Die Hofer Musikschule &#8218;<strong>Freunde der Gitarre<\/strong>&#8218; rund um <strong>TKV-Ehrenmitglied Dietmar Ungerank<\/strong> hat am Sonntag, dem 18. Januar 2025 um 17:00 Uhr einen <strong>Vortragsabend<\/strong> zur Vorbereitung des <strong>62. Regionalwettbewerbs &#8222;Jugend musiziert&#8220; Hochfranken 2025<\/strong> veranstaltet. Die vielen Sch\u00fclerinnen und Sch\u00fcler pr\u00e4sentierten wie gewohnt hervorragende Leistungen im konzertanten Vorspiel und waren damit bestens gewappnet f\u00fcr den Regionalausscheid. Unser Daumendr\u00fccken &#8211; soviel sei verraten &#8211; hat sich mehr als gelohnt!<\/p>\n<h3>Related Images:<\/h3>","protected":false},"excerpt":{"rendered":"<p>Einige der Sch\u00fclerinnen und Sch\u00fcler beim Vorspielabend (Fotos: Freunde der Gitarre) Die Hofer Musikschule &#8218;Freunde der Gitarre&#8218; rund um TKV-Ehrenmitglied Dietmar Ungerank hat am Sonntag, dem 18. Januar 2025 um 17:00 Uhr einen Vortragsabend zur Vorbereitung des 62. Regionalwettbewerbs &#8222;Jugend musiziert&#8220; Hochfranken 2025 veranstaltet. Die vielen Sch\u00fclerinnen und Sch\u00fcler pr\u00e4sentierten wie gewohnt hervorragende Leistungen im&#8230; <\/p>\n<div class=\"read-more navbutton\"><a href=\"https:\/\/tkv-hochfranken.de\/index.php\/2025\/01\/29\/vorspielabend-der-musikschule-freunde-der-gitarre-zur-wettbewerbsvorbereitung\/\">Read More<i class=\"fa fa-angle-double-right\"><\/i><\/a><\/div>\n","protected":false},"author":1,"featured_media":0,"comment_status":"closed","ping_status":"","sticky":false,"template":"","format":"standard","meta":{"ngg_post_thumbnail":0,"footnotes":""},"categories":[1],"tags":[],"class_list":["post-3016","post","type-post","status-publish","format-standard","hentry","category-allgemein"],"_links":{"self":[{"href":"https:\/\/tkv-hochfranken.de\/index.php\/wp-json\/wp\/v2\/posts\/3016","targetHints":{"allow":["GET"]}}],"collection":[{"href":"https:\/\/tkv-hochfranken.de\/index.php\/wp-json\/wp\/v2\/posts"}],"about":[{"href":"https:\/\/tkv-hochfranken.de\/index.php\/wp-json\/wp\/v2\/types\/post"}],"author":[{"embeddable":true,"href":"https:\/\/tkv-hochfranken.de\/index.php\/wp-json\/wp\/v2\/users\/1"}],"replies":[{"embeddable":true,"href":"https:\/\/tkv-hochfranken.de\/index.php\/wp-json\/wp\/v2\/comments?post=3016"}],"version-history":[{"count":3,"href":"https:\/\/tkv-hochfranken.de\/index.php\/wp-json\/wp\/v2\/posts\/3016\/revisions"}],"predecessor-version":[{"id":3037,"href":"https:\/\/tkv-hochfranken.de\/index.php\/wp-json\/wp\/v2\/posts\/3016\/revisions\/3037"}],"wp:attachment":[{"href":"https:\/\/tkv-hochfranken.de\/index.php\/wp-json\/wp\/v2\/media?parent=3016"}],"wp:term":[{"taxonomy":"category","embeddable":true,"href":"https:\/\/tkv-hochfranken.de\/index.php\/wp-json\/wp\/v2\/categories?post=3016"},{"taxonomy":"post_tag","embeddable":true,"href":"https:\/\/tkv-hochfranken.de\/index.php\/wp-json\/wp\/v2\/tags?post=3016"}],"curies":[{"name":"wp","href":"https:\/\/api.w.org\/{rel}","templated":true}]}}