{"id":3031,"date":"2025-01-29T22:01:58","date_gmt":"2025-01-29T21:01:58","guid":{"rendered":"https:\/\/tkv-hochfranken.de\/?p=3031"},"modified":"2025-01-30T20:52:55","modified_gmt":"2025-01-30T19:52:55","slug":"gwaaf-2","status":"publish","type":"post","link":"https:\/\/tkv-hochfranken.de\/index.php\/2025\/01\/29\/gwaaf-2\/","title":{"rendered":"TKV-Vorsitzender Markus Jung beim &#8222;Gwaaf zer Nacht&#8220; im KunstKaufHaus Hof"},"content":{"rendered":"\n<figure class=\"wp-block-image size-large\"><img fetchpriority=\"high\" decoding=\"async\" width=\"1024\" height=\"837\" src=\"https:\/\/tkv-hochfranken.de\/wp-content\/uploads\/2025\/01\/01-1024x837.jpg\" alt=\"\" class=\"wp-image-3024\" srcset=\"https:\/\/tkv-hochfranken.de\/wp-content\/uploads\/2025\/01\/01-1024x837.jpg 1024w, https:\/\/tkv-hochfranken.de\/wp-content\/uploads\/2025\/01\/01-300x245.jpg 300w, https:\/\/tkv-hochfranken.de\/wp-content\/uploads\/2025\/01\/01-768x627.jpg 768w, https:\/\/tkv-hochfranken.de\/wp-content\/uploads\/2025\/01\/01-1536x1255.jpg 1536w, https:\/\/tkv-hochfranken.de\/wp-content\/uploads\/2025\/01\/01.jpg 1574w\" sizes=\"(max-width: 1024px) 100vw, 1024px\" \/><figcaption class=\"wp-element-caption\">Lena Oberl\u00e4nder und J\u00f6rg N\u00fcrnberger lauschen Markus Jung an der Handpan (von links nach rechts, Foto: Vincent Tischler)<\/figcaption><\/figure>\n\n\n\n<p>Der hochfr\u00e4nkische <strong>TKV-Vorsitzende Markus Jung<\/strong> war am 16. Januar 2025 um 20:15 Uhr zu Gast im <strong>KunstKaufHaus (KKH) Hof<\/strong>. Bei &#8222;<strong>Gwaaf zer Nacht &#8211; Talkshow ohne Kameras<\/strong>&#8220; lud der bekannte Schriftsteller <strong>Roland Spranger<\/strong> wie gewohnt drei G\u00e4ste in seine Talkrunde ein, darunter Bundestagsmitglied <strong>J\u00f6rg N\u00fcrnberger<\/strong> (SPD) und <strong>Lena Oberl\u00e4nder<\/strong>, Deutschlands erste Muck-Dozentin (Mucken ist ein in Oberfranken beliebtes Kartenspiel&#8230;).<\/p>\n\n\n\n<figure class=\"wp-block-image size-large\"><img decoding=\"async\" width=\"1024\" height=\"790\" src=\"https:\/\/tkv-hochfranken.de\/wp-content\/uploads\/2025\/01\/02-1024x790.jpg\" alt=\"\" class=\"wp-image-3025\" srcset=\"https:\/\/tkv-hochfranken.de\/wp-content\/uploads\/2025\/01\/02-1024x790.jpg 1024w, https:\/\/tkv-hochfranken.de\/wp-content\/uploads\/2025\/01\/02-300x232.jpg 300w, https:\/\/tkv-hochfranken.de\/wp-content\/uploads\/2025\/01\/02-768x593.jpg 768w, https:\/\/tkv-hochfranken.de\/wp-content\/uploads\/2025\/01\/02-1536x1185.jpg 1536w, https:\/\/tkv-hochfranken.de\/wp-content\/uploads\/2025\/01\/02.jpg 1709w\" sizes=\"(max-width: 1024px) 100vw, 1024px\" \/><figcaption class=\"wp-element-caption\">Roland Spranger unterh\u00e4lt sich mit Lena Oberl\u00e4nder, J\u00f6rg N\u00fcrnberger und Markus Jung (von links nach rechts, Foto: Vincent Tischler)<\/figcaption><\/figure>\n\n\n\n<p>Mit <strong>Markus Jung<\/strong> kam dann der <strong>Vorsitzende<\/strong> des <strong>Tonk\u00fcnstlerverbandes Hochfranken e.V.<\/strong> dazu und es wurde fleissig &#8222;gewaaft&#8220;, wie der Franke sagt &#8211; also geredet. Die Themen waren vielseitig und kurzweilig, sprangen dabei h\u00e4ufig um und bildeten die gesamte Palette von ernst bis heiter ab. Mucken, Musik und Politik waren nat\u00fcrlich ganz oben mit dabei. Ein gelungener Abend. Unser besonderer Dank geht an <strong>Alexander Kaiser<\/strong> vom <strong>KunstKaufHaus Hof<\/strong> als Veranstalter  und <strong>Vicent Tischler<\/strong> f\u00fcr die Fotos.<\/p>\n\n\n\n<figure class=\"wp-block-image size-large\"><img decoding=\"async\" width=\"1024\" height=\"791\" src=\"https:\/\/tkv-hochfranken.de\/wp-content\/uploads\/2025\/01\/03-1024x791.jpg\" alt=\"\" class=\"wp-image-3026\" srcset=\"https:\/\/tkv-hochfranken.de\/wp-content\/uploads\/2025\/01\/03-1024x791.jpg 1024w, https:\/\/tkv-hochfranken.de\/wp-content\/uploads\/2025\/01\/03-300x232.jpg 300w, https:\/\/tkv-hochfranken.de\/wp-content\/uploads\/2025\/01\/03-768x593.jpg 768w, https:\/\/tkv-hochfranken.de\/wp-content\/uploads\/2025\/01\/03-1536x1186.jpg 1536w, https:\/\/tkv-hochfranken.de\/wp-content\/uploads\/2025\/01\/03.jpg 1954w\" sizes=\"(max-width: 1024px) 100vw, 1024px\" \/><figcaption class=\"wp-element-caption\">Lena Oberl\u00e4nder, J\u00f6rg N\u00fcrnberger und Markus Jung geben Antworten (von links nach rechts, Foto: Vincent Tischler)<\/figcaption><\/figure>\n<h3>Related Images:<\/h3>","protected":false},"excerpt":{"rendered":"<p>Lena Oberl\u00e4nder und J\u00f6rg N\u00fcrnberger lauschen Markus Jung an der Handpan (von links nach rechts, Foto: Vincent Tischler) Der hochfr\u00e4nkische TKV-Vorsitzende Markus Jung war am 16. Januar 2025 um 20:15 Uhr zu Gast im KunstKaufHaus (KKH) Hof. Bei &#8222;Gwaaf zer Nacht &#8211; Talkshow ohne Kameras&#8220; lud der bekannte Schriftsteller Roland Spranger wie gewohnt drei G\u00e4ste&#8230; <\/p>\n<div class=\"read-more navbutton\"><a href=\"https:\/\/tkv-hochfranken.de\/index.php\/2025\/01\/29\/gwaaf-2\/\">Read More<i class=\"fa fa-angle-double-right\"><\/i><\/a><\/div>\n","protected":false},"author":1,"featured_media":0,"comment_status":"closed","ping_status":"","sticky":false,"template":"","format":"standard","meta":{"ngg_post_thumbnail":0,"footnotes":""},"categories":[1],"tags":[],"class_list":["post-3031","post","type-post","status-publish","format-standard","hentry","category-allgemein"],"_links":{"self":[{"href":"https:\/\/tkv-hochfranken.de\/index.php\/wp-json\/wp\/v2\/posts\/3031","targetHints":{"allow":["GET"]}}],"collection":[{"href":"https:\/\/tkv-hochfranken.de\/index.php\/wp-json\/wp\/v2\/posts"}],"about":[{"href":"https:\/\/tkv-hochfranken.de\/index.php\/wp-json\/wp\/v2\/types\/post"}],"author":[{"embeddable":true,"href":"https:\/\/tkv-hochfranken.de\/index.php\/wp-json\/wp\/v2\/users\/1"}],"replies":[{"embeddable":true,"href":"https:\/\/tkv-hochfranken.de\/index.php\/wp-json\/wp\/v2\/comments?post=3031"}],"version-history":[{"count":6,"href":"https:\/\/tkv-hochfranken.de\/index.php\/wp-json\/wp\/v2\/posts\/3031\/revisions"}],"predecessor-version":[{"id":3108,"href":"https:\/\/tkv-hochfranken.de\/index.php\/wp-json\/wp\/v2\/posts\/3031\/revisions\/3108"}],"wp:attachment":[{"href":"https:\/\/tkv-hochfranken.de\/index.php\/wp-json\/wp\/v2\/media?parent=3031"}],"wp:term":[{"taxonomy":"category","embeddable":true,"href":"https:\/\/tkv-hochfranken.de\/index.php\/wp-json\/wp\/v2\/categories?post=3031"},{"taxonomy":"post_tag","embeddable":true,"href":"https:\/\/tkv-hochfranken.de\/index.php\/wp-json\/wp\/v2\/tags?post=3031"}],"curies":[{"name":"wp","href":"https:\/\/api.w.org\/{rel}","templated":true}]}}