{"id":3033,"date":"2025-01-29T22:02:30","date_gmt":"2025-01-29T21:02:30","guid":{"rendered":"https:\/\/tkv-hochfranken.de\/?p=3033"},"modified":"2025-01-29T23:34:51","modified_gmt":"2025-01-29T22:34:51","slug":"harmonische-momente-im-hochfraenkischen-tonkuenstlerverband-tkls","status":"publish","type":"post","link":"https:\/\/tkv-hochfranken.de\/index.php\/2025\/01\/29\/harmonische-momente-im-hochfraenkischen-tonkuenstlerverband-tkls\/","title":{"rendered":"Ein Blick hinter die Kulissen&#8230;"},"content":{"rendered":"\n<figure class=\"wp-block-image size-large\"><img fetchpriority=\"high\" decoding=\"async\" width=\"1024\" height=\"593\" src=\"https:\/\/tkv-hochfranken.de\/wp-content\/uploads\/2025\/01\/IMG_9796a-1024x593.jpg\" alt=\"\" class=\"wp-image-3055\" srcset=\"https:\/\/tkv-hochfranken.de\/wp-content\/uploads\/2025\/01\/IMG_9796a-1024x593.jpg 1024w, https:\/\/tkv-hochfranken.de\/wp-content\/uploads\/2025\/01\/IMG_9796a-300x174.jpg 300w, https:\/\/tkv-hochfranken.de\/wp-content\/uploads\/2025\/01\/IMG_9796a-768x444.jpg 768w, https:\/\/tkv-hochfranken.de\/wp-content\/uploads\/2025\/01\/IMG_9796a-1536x889.jpg 1536w, https:\/\/tkv-hochfranken.de\/wp-content\/uploads\/2025\/01\/IMG_9796a.jpg 2048w\" sizes=\"(max-width: 1024px) 100vw, 1024px\" \/><figcaption class=\"wp-element-caption\">Nach dem 62. Regionalwettbewerb &#8222;Jugend musiziert&#8220; Hochfranken 2025 sitzen die engagierten Mitglieder und Gitarristen Ewa Margareta Cyran und Dietmar Ungerank (links) zusammen mit den Vorstandsvorsitzenden Christa Klie und Markus Jung (rechts) zusammen und beraten die Zukunft (Foto: TKV Hochfranken)<\/figcaption><\/figure>\n\n\n\n<p>Das Jahr hat gerade erst begonnen und der <strong>Tonk\u00fcnstlerverband Hochfranken e.V.<\/strong> kommt vor Veranstaltungen kaum zur Ruhe. &#8222;<strong>Gitarrenhighlights<\/strong>&#8222;, &#8222;<strong>Klangsp\u00fcrchen<\/strong>&#8222;, <strong>Gastauftritte<\/strong> und <strong>Preisverleihungen<\/strong>&#8230; ein Unterschied zum weihnachtlichen Konzerttrubel ist kaum zu bemerken. Die vielen logistischen Herausforderungen und Gespr\u00e4che finden dabei haupts\u00e4chlich hinter den Kulissen statt. Vorbereitungen f\u00fcr kommende Veranstaltungen wie die &#8222;<strong>3. Hof Jazz Nights<\/strong>&#8220; oder Nachbesprechungen des grandiosen &#8222;Gitarrenhighlights&#8220; mit <strong>Dimitri Illarionov<\/strong> sind nur zwei Beispiele. Das harmonische Miteinander der Mitglieder  ist dabei Belohnung f\u00fcr die viele <strong>ehrenamtliche Arbeit des Vorstands<\/strong> und der K<strong>onzertorganisatoren<\/strong>. Und mit der Ank\u00fcndigung f\u00fcr ein weiteres Jahr &#8218;<strong>Tonk\u00fcnstler Live Spezial<\/strong>&#8218; kommt ein Garant aus M\u00fcnchen, der zahlreiche hochkar\u00e4tige Konzerterlebnisse verspricht. Eine gro\u00dfartige Unterst\u00fctzung wurde dem TKV Hochfranken auch erneut durch die <strong>Stadt Hof<\/strong> zuteil, wof\u00fcr wir uns beim <strong>Kulturamt<\/strong> und Herrn <strong>Peter N\u00fcrmberger<\/strong> ganz herzlich bedanken wollen!<\/p>\n\n\n\n<figure class=\"wp-block-image size-large\"><img decoding=\"async\" width=\"1024\" height=\"656\" src=\"https:\/\/tkv-hochfranken.de\/wp-content\/uploads\/2025\/01\/IMG_9310a-1024x656.jpg\" alt=\"\" class=\"wp-image-3054\" srcset=\"https:\/\/tkv-hochfranken.de\/wp-content\/uploads\/2025\/01\/IMG_9310a-1024x656.jpg 1024w, https:\/\/tkv-hochfranken.de\/wp-content\/uploads\/2025\/01\/IMG_9310a-300x192.jpg 300w, https:\/\/tkv-hochfranken.de\/wp-content\/uploads\/2025\/01\/IMG_9310a-768x492.jpg 768w, https:\/\/tkv-hochfranken.de\/wp-content\/uploads\/2025\/01\/IMG_9310a-1536x984.jpg 1536w, https:\/\/tkv-hochfranken.de\/wp-content\/uploads\/2025\/01\/IMG_9310a.jpg 1627w\" sizes=\"(max-width: 1024px) 100vw, 1024px\" \/><figcaption class=\"wp-element-caption\">Ewa Margareta Cyran und Dietmar Ungerank mit dem moldawischen Star-Gitarristen Dimitri Illarionov (links) kurz nach dessen grandiosem &#8222;Gitarrenhighlight&#8220; (Foto: TKV Hochfranken)<\/figcaption><\/figure>\n<h3>Related Images:<\/h3>","protected":false},"excerpt":{"rendered":"<p>Nach dem 62. Regionalwettbewerb &#8222;Jugend musiziert&#8220; Hochfranken 2025 sitzen die engagierten Mitglieder und Gitarristen Ewa Margareta Cyran und Dietmar Ungerank (links) zusammen mit den Vorstandsvorsitzenden Christa Klie und Markus Jung (rechts) zusammen und beraten die Zukunft (Foto: TKV Hochfranken) Das Jahr hat gerade erst begonnen und der Tonk\u00fcnstlerverband Hochfranken e.V. kommt vor Veranstaltungen kaum zur&#8230; <\/p>\n<div class=\"read-more navbutton\"><a href=\"https:\/\/tkv-hochfranken.de\/index.php\/2025\/01\/29\/harmonische-momente-im-hochfraenkischen-tonkuenstlerverband-tkls\/\">Read More<i class=\"fa fa-angle-double-right\"><\/i><\/a><\/div>\n","protected":false},"author":1,"featured_media":0,"comment_status":"closed","ping_status":"","sticky":false,"template":"","format":"standard","meta":{"ngg_post_thumbnail":0,"footnotes":""},"categories":[1],"tags":[],"class_list":["post-3033","post","type-post","status-publish","format-standard","hentry","category-allgemein"],"_links":{"self":[{"href":"https:\/\/tkv-hochfranken.de\/index.php\/wp-json\/wp\/v2\/posts\/3033","targetHints":{"allow":["GET"]}}],"collection":[{"href":"https:\/\/tkv-hochfranken.de\/index.php\/wp-json\/wp\/v2\/posts"}],"about":[{"href":"https:\/\/tkv-hochfranken.de\/index.php\/wp-json\/wp\/v2\/types\/post"}],"author":[{"embeddable":true,"href":"https:\/\/tkv-hochfranken.de\/index.php\/wp-json\/wp\/v2\/users\/1"}],"replies":[{"embeddable":true,"href":"https:\/\/tkv-hochfranken.de\/index.php\/wp-json\/wp\/v2\/comments?post=3033"}],"version-history":[{"count":4,"href":"https:\/\/tkv-hochfranken.de\/index.php\/wp-json\/wp\/v2\/posts\/3033\/revisions"}],"predecessor-version":[{"id":3069,"href":"https:\/\/tkv-hochfranken.de\/index.php\/wp-json\/wp\/v2\/posts\/3033\/revisions\/3069"}],"wp:attachment":[{"href":"https:\/\/tkv-hochfranken.de\/index.php\/wp-json\/wp\/v2\/media?parent=3033"}],"wp:term":[{"taxonomy":"category","embeddable":true,"href":"https:\/\/tkv-hochfranken.de\/index.php\/wp-json\/wp\/v2\/categories?post=3033"},{"taxonomy":"post_tag","embeddable":true,"href":"https:\/\/tkv-hochfranken.de\/index.php\/wp-json\/wp\/v2\/tags?post=3033"}],"curies":[{"name":"wp","href":"https:\/\/api.w.org\/{rel}","templated":true}]}}