{"id":3040,"date":"2025-01-29T22:22:13","date_gmt":"2025-01-29T21:22:13","guid":{"rendered":"https:\/\/tkv-hochfranken.de\/?p=3040"},"modified":"2025-01-30T00:39:23","modified_gmt":"2025-01-29T23:39:23","slug":"erste-proben-des-ukraine-chorprojektes-2025","status":"publish","type":"post","link":"https:\/\/tkv-hochfranken.de\/index.php\/2025\/01\/29\/erste-proben-des-ukraine-chorprojektes-2025\/","title":{"rendered":"Erste Proben des Ukraine-Chorprojektes 2025"},"content":{"rendered":"\n<figure class=\"wp-block-image size-large\"><img fetchpriority=\"high\" decoding=\"async\" width=\"965\" height=\"1024\" src=\"https:\/\/tkv-hochfranken.de\/wp-content\/uploads\/2025\/01\/Ukraine-Chor-2025-965x1024.jpg\" alt=\"\" class=\"wp-image-3086\" srcset=\"https:\/\/tkv-hochfranken.de\/wp-content\/uploads\/2025\/01\/Ukraine-Chor-2025-965x1024.jpg 965w, https:\/\/tkv-hochfranken.de\/wp-content\/uploads\/2025\/01\/Ukraine-Chor-2025-283x300.jpg 283w, https:\/\/tkv-hochfranken.de\/wp-content\/uploads\/2025\/01\/Ukraine-Chor-2025-768x815.jpg 768w, https:\/\/tkv-hochfranken.de\/wp-content\/uploads\/2025\/01\/Ukraine-Chor-2025-1448x1536.jpg 1448w, https:\/\/tkv-hochfranken.de\/wp-content\/uploads\/2025\/01\/Ukraine-Chor-2025-1931x2048.jpg 1931w\" sizes=\"(max-width: 965px) 100vw, 965px\" \/><\/figure>\n\n\n\n<p>Die ersten Proben des <strong>Ukrainischen Chorprojektes<\/strong> 2025 starteten in <strong>Hof<\/strong> und in <strong>Bayreuth<\/strong>! Herzliche Einladung an alle, die gerne singen, denn <strong>jeder ist willkommen<\/strong>! Zuk\u00fcnftig werden die Proben immer montags 18:00 Uhr (Hof, Kreuzkirche) bzw. dienstags 18:30 Uhr (Bayreuth, Hammerst\u00e4dter Hof) stattfinden. Das <strong>Ukraine-Chorprojekt Wunsiedel<\/strong> unter der Leitung von <strong>Olena Kokidko<\/strong> wird unterst\u00fctzt vom <strong>Evang.-Luth. Dekanat Wunsiedel<\/strong>, der <strong>Evangelischen Kirchengemeinde Wunsiedel<\/strong> und dem <strong>Tonk\u00fcnstlerverband Hochfranken e.V.<\/strong> und probte die letzten Jahre zumeist in der Stadt Wunsiedel im Fichtelgebirge.<\/p>\n<h3>Related Images:<\/h3>","protected":false},"excerpt":{"rendered":"<p>Die ersten Proben des Ukrainischen Chorprojektes 2025 starteten in Hof und in Bayreuth! Herzliche Einladung an alle, die gerne singen, denn jeder ist willkommen! Zuk\u00fcnftig werden die Proben immer montags 18:00 Uhr (Hof, Kreuzkirche) bzw. dienstags 18:30 Uhr (Bayreuth, Hammerst\u00e4dter Hof) stattfinden. Das Ukraine-Chorprojekt Wunsiedel unter der Leitung von Olena Kokidko wird unterst\u00fctzt vom Evang.-Luth&#8230;. <\/p>\n<div class=\"read-more navbutton\"><a href=\"https:\/\/tkv-hochfranken.de\/index.php\/2025\/01\/29\/erste-proben-des-ukraine-chorprojektes-2025\/\">Read More<i class=\"fa fa-angle-double-right\"><\/i><\/a><\/div>\n","protected":false},"author":1,"featured_media":0,"comment_status":"closed","ping_status":"","sticky":false,"template":"","format":"standard","meta":{"ngg_post_thumbnail":0,"footnotes":""},"categories":[1],"tags":[],"class_list":["post-3040","post","type-post","status-publish","format-standard","hentry","category-allgemein"],"_links":{"self":[{"href":"https:\/\/tkv-hochfranken.de\/index.php\/wp-json\/wp\/v2\/posts\/3040","targetHints":{"allow":["GET"]}}],"collection":[{"href":"https:\/\/tkv-hochfranken.de\/index.php\/wp-json\/wp\/v2\/posts"}],"about":[{"href":"https:\/\/tkv-hochfranken.de\/index.php\/wp-json\/wp\/v2\/types\/post"}],"author":[{"embeddable":true,"href":"https:\/\/tkv-hochfranken.de\/index.php\/wp-json\/wp\/v2\/users\/1"}],"replies":[{"embeddable":true,"href":"https:\/\/tkv-hochfranken.de\/index.php\/wp-json\/wp\/v2\/comments?post=3040"}],"version-history":[{"count":3,"href":"https:\/\/tkv-hochfranken.de\/index.php\/wp-json\/wp\/v2\/posts\/3040\/revisions"}],"predecessor-version":[{"id":3091,"href":"https:\/\/tkv-hochfranken.de\/index.php\/wp-json\/wp\/v2\/posts\/3040\/revisions\/3091"}],"wp:attachment":[{"href":"https:\/\/tkv-hochfranken.de\/index.php\/wp-json\/wp\/v2\/media?parent=3040"}],"wp:term":[{"taxonomy":"category","embeddable":true,"href":"https:\/\/tkv-hochfranken.de\/index.php\/wp-json\/wp\/v2\/categories?post=3040"},{"taxonomy":"post_tag","embeddable":true,"href":"https:\/\/tkv-hochfranken.de\/index.php\/wp-json\/wp\/v2\/tags?post=3040"}],"curies":[{"name":"wp","href":"https:\/\/api.w.org\/{rel}","templated":true}]}}