{"id":3043,"date":"2025-01-29T22:23:34","date_gmt":"2025-01-29T21:23:34","guid":{"rendered":"https:\/\/tkv-hochfranken.de\/?p=3043"},"modified":"2025-01-30T00:14:35","modified_gmt":"2025-01-29T23:14:35","slug":"tkv-mitglied-projects4cellos-gibt-1-konzert-2025-in-dannenberg","status":"publish","type":"post","link":"https:\/\/tkv-hochfranken.de\/index.php\/2025\/01\/29\/tkv-mitglied-projects4cellos-gibt-1-konzert-2025-in-dannenberg\/","title":{"rendered":"TKV-Mitglied Projects4cellos gibt 1. Konzert 2025 in Dannenberg"},"content":{"rendered":"\n<figure class=\"wp-block-image size-large\"><img fetchpriority=\"high\" decoding=\"async\" width=\"1024\" height=\"896\" src=\"https:\/\/tkv-hochfranken.de\/wp-content\/uploads\/2025\/01\/projects4cellos-Dannenberg-1024x896.jpg\" alt=\"\" class=\"wp-image-3022\" srcset=\"https:\/\/tkv-hochfranken.de\/wp-content\/uploads\/2025\/01\/projects4cellos-Dannenberg-1024x896.jpg 1024w, https:\/\/tkv-hochfranken.de\/wp-content\/uploads\/2025\/01\/projects4cellos-Dannenberg-300x262.jpg 300w, https:\/\/tkv-hochfranken.de\/wp-content\/uploads\/2025\/01\/projects4cellos-Dannenberg-768x672.jpg 768w, https:\/\/tkv-hochfranken.de\/wp-content\/uploads\/2025\/01\/projects4cellos-Dannenberg.jpg 1045w\" sizes=\"(max-width: 1024px) 100vw, 1024px\" \/><figcaption class=\"wp-element-caption\">projects4cellos in Dannberg (Foto: projects4cellos)<\/figcaption><\/figure>\n\n\n\n<p><strong>projects4cellos<\/strong> (<strong>Die Vier EvangCellisten<\/strong>) &#8211; das ganze Ensemble ist Mitglied im <strong>Tonk\u00fcnstlerverband Hochfranken e.V.<\/strong> &#8211; gaben am 19. Januar ihr erstes Konzert 2025. Es war die <strong>205. Konzertveranstaltung<\/strong> seit ihrer Gr\u00fcndung 2008 und fand nach vielen Jahren erneut im Wendland statt. An jenem Sonntag gaben sie 11:00 Uhr eine Matin\u00e9e in der <strong>Kultur- und Begegnungsst\u00e4tte Jameln-Breselenz<\/strong>. Das Konzert war eine Veranstaltung der Reihe <strong>&#8222;Kultur in und um Dannenberg (Elbe)&#8220; <\/strong>und vom <strong>Kulturring Dannenberg e.V. <\/strong>organisiert. Mit dem Wendland verbindet das Quartett eine lange Tradition, da der Cellist <strong>Lukas Dihle<\/strong> seine Ausbildung zum Cellisten hier begonnen hatte. Seine Lehrerin <strong>Ilka Wagener<\/strong> h\u00e4lt auch heute den Kontakt zum Quartett und organisiert regelm\u00e4\u00dfig <strong>Workshops<\/strong> des Ensembles mit ihren aktuellen Sch\u00fclern. <strong>projects4cellos<\/strong> waren in unserer Region zuletzt als G\u00e4ste der &#8222;<strong>8. Hofer Cellotage<\/strong>&#8220; im Herbst 2024 in <strong>Hof<\/strong> zu h\u00f6ren und feierten 2023 ihr <strong>f\u00fcnfzehnj\u00e4hriges Bestehen<\/strong> in <strong>Originalbesetzung<\/strong> mit einem Konzert im <strong>Rosenthal-Theater Selb<\/strong> zusammen mit zahlreichen G\u00e4sten.<\/p>\n\n\n\n<p><\/p>\n<h3>Related Images:<\/h3>","protected":false},"excerpt":{"rendered":"<p>projects4cellos in Dannberg (Foto: projects4cellos) projects4cellos (Die Vier EvangCellisten) &#8211; das ganze Ensemble ist Mitglied im Tonk\u00fcnstlerverband Hochfranken e.V. &#8211; gaben am 19. Januar ihr erstes Konzert 2025. Es war die 205. Konzertveranstaltung seit ihrer Gr\u00fcndung 2008 und fand nach vielen Jahren erneut im Wendland statt. An jenem Sonntag gaben sie 11:00 Uhr eine Matin\u00e9e&#8230; <\/p>\n<div class=\"read-more navbutton\"><a href=\"https:\/\/tkv-hochfranken.de\/index.php\/2025\/01\/29\/tkv-mitglied-projects4cellos-gibt-1-konzert-2025-in-dannenberg\/\">Read More<i class=\"fa fa-angle-double-right\"><\/i><\/a><\/div>\n","protected":false},"author":1,"featured_media":0,"comment_status":"closed","ping_status":"","sticky":false,"template":"","format":"standard","meta":{"ngg_post_thumbnail":0,"footnotes":""},"categories":[1],"tags":[],"class_list":["post-3043","post","type-post","status-publish","format-standard","hentry","category-allgemein"],"_links":{"self":[{"href":"https:\/\/tkv-hochfranken.de\/index.php\/wp-json\/wp\/v2\/posts\/3043","targetHints":{"allow":["GET"]}}],"collection":[{"href":"https:\/\/tkv-hochfranken.de\/index.php\/wp-json\/wp\/v2\/posts"}],"about":[{"href":"https:\/\/tkv-hochfranken.de\/index.php\/wp-json\/wp\/v2\/types\/post"}],"author":[{"embeddable":true,"href":"https:\/\/tkv-hochfranken.de\/index.php\/wp-json\/wp\/v2\/users\/1"}],"replies":[{"embeddable":true,"href":"https:\/\/tkv-hochfranken.de\/index.php\/wp-json\/wp\/v2\/comments?post=3043"}],"version-history":[{"count":3,"href":"https:\/\/tkv-hochfranken.de\/index.php\/wp-json\/wp\/v2\/posts\/3043\/revisions"}],"predecessor-version":[{"id":3083,"href":"https:\/\/tkv-hochfranken.de\/index.php\/wp-json\/wp\/v2\/posts\/3043\/revisions\/3083"}],"wp:attachment":[{"href":"https:\/\/tkv-hochfranken.de\/index.php\/wp-json\/wp\/v2\/media?parent=3043"}],"wp:term":[{"taxonomy":"category","embeddable":true,"href":"https:\/\/tkv-hochfranken.de\/index.php\/wp-json\/wp\/v2\/categories?post=3043"},{"taxonomy":"post_tag","embeddable":true,"href":"https:\/\/tkv-hochfranken.de\/index.php\/wp-json\/wp\/v2\/tags?post=3043"}],"curies":[{"name":"wp","href":"https:\/\/api.w.org\/{rel}","templated":true}]}}