{"id":3119,"date":"2025-02-21T21:49:28","date_gmt":"2025-02-21T20:49:28","guid":{"rendered":"https:\/\/tkv-hochfranken.de\/?p=3119"},"modified":"2025-02-21T22:59:39","modified_gmt":"2025-02-21T21:59:39","slug":"musikschule-freunde-der-gitarre-gibt-eigenes-preistraegerkonzert-nach-jugend-musiziert","status":"publish","type":"post","link":"https:\/\/tkv-hochfranken.de\/index.php\/2025\/02\/21\/musikschule-freunde-der-gitarre-gibt-eigenes-preistraegerkonzert-nach-jugend-musiziert\/","title":{"rendered":"Gitarrenschule &#8218;Freunde der Gitarre&#8216; gibt eigenes Preistr\u00e4gerkonzert nach &#8222;Jugend musiziert&#8220;"},"content":{"rendered":"\n<figure class=\"wp-block-image size-large\"><img fetchpriority=\"high\" decoding=\"async\" width=\"1024\" height=\"759\" src=\"https:\/\/tkv-hochfranken.de\/wp-content\/uploads\/2025\/02\/Collage-01-1024x759.jpg\" alt=\"\" class=\"wp-image-3118\" srcset=\"https:\/\/tkv-hochfranken.de\/wp-content\/uploads\/2025\/02\/Collage-01-1024x759.jpg 1024w, https:\/\/tkv-hochfranken.de\/wp-content\/uploads\/2025\/02\/Collage-01-300x222.jpg 300w, https:\/\/tkv-hochfranken.de\/wp-content\/uploads\/2025\/02\/Collage-01-768x569.jpg 768w, https:\/\/tkv-hochfranken.de\/wp-content\/uploads\/2025\/02\/Collage-01-1536x1138.jpg 1536w, https:\/\/tkv-hochfranken.de\/wp-content\/uploads\/2025\/02\/Collage-01-2048x1517.jpg 2048w\" sizes=\"(max-width: 1024px) 100vw, 1024px\" \/><figcaption class=\"wp-element-caption\">Bilder vom Preistr\u00e4gerkonzert (Fotos: Freunde der Gitarre)<\/figcaption><\/figure>\n\n\n\n<p>Mit einem eigenen Preistr\u00e4gerkonzert nach dem 62. Regionalwettbewerb &#8222;Jugend musiziert&#8220; Hochfranken in Rehau am 25.\/26. Januar lud die Gitarrenschule &#8218;Freunde der Gitarre&#8216; am Sonntag, dem 16. Februar um 17:00 Uhr in die Freikirche der Siebenten-Tags-Adventisten in Hof ein. F\u00fcr die jungen Gitarristinnen und Gitarristen war es dieses Jahr eine Ensemblewertung und dementsprechend kammermusikalisch war das Programm. Insgesamt gab es f\u00fcr die Wettbewerbsteilnehmer ein Preisgeld von 180,-\u20ac in Form von Gutscheinen f\u00fcr Musikalien. Wir danken unserem Ehrenmitglied Dietmar Ungerank f\u00fcr seinen unerm\u00fcdlichen Einsatz f\u00fcr den instrumentalen Nachwuchs und w\u00fcnschen den Sch\u00fclern, die weitergeleitet wurden, alles Gute f\u00fcr den Landeswettbewerb Bayern im April in Augsburg.<\/p>\n<h3>Related Images:<\/h3>","protected":false},"excerpt":{"rendered":"<p>Bilder vom Preistr\u00e4gerkonzert (Fotos: Freunde der Gitarre) Mit einem eigenen Preistr\u00e4gerkonzert nach dem 62. Regionalwettbewerb &#8222;Jugend musiziert&#8220; Hochfranken in Rehau am 25.\/26. Januar lud die Gitarrenschule &#8218;Freunde der Gitarre&#8216; am Sonntag, dem 16. Februar um 17:00 Uhr in die Freikirche der Siebenten-Tags-Adventisten in Hof ein. F\u00fcr die jungen Gitarristinnen und Gitarristen war es dieses Jahr&#8230; <\/p>\n<div class=\"read-more navbutton\"><a href=\"https:\/\/tkv-hochfranken.de\/index.php\/2025\/02\/21\/musikschule-freunde-der-gitarre-gibt-eigenes-preistraegerkonzert-nach-jugend-musiziert\/\">Read More<i class=\"fa fa-angle-double-right\"><\/i><\/a><\/div>\n","protected":false},"author":1,"featured_media":0,"comment_status":"closed","ping_status":"","sticky":false,"template":"","format":"standard","meta":{"ngg_post_thumbnail":0,"footnotes":""},"categories":[1],"tags":[],"class_list":["post-3119","post","type-post","status-publish","format-standard","hentry","category-allgemein"],"_links":{"self":[{"href":"https:\/\/tkv-hochfranken.de\/index.php\/wp-json\/wp\/v2\/posts\/3119","targetHints":{"allow":["GET"]}}],"collection":[{"href":"https:\/\/tkv-hochfranken.de\/index.php\/wp-json\/wp\/v2\/posts"}],"about":[{"href":"https:\/\/tkv-hochfranken.de\/index.php\/wp-json\/wp\/v2\/types\/post"}],"author":[{"embeddable":true,"href":"https:\/\/tkv-hochfranken.de\/index.php\/wp-json\/wp\/v2\/users\/1"}],"replies":[{"embeddable":true,"href":"https:\/\/tkv-hochfranken.de\/index.php\/wp-json\/wp\/v2\/comments?post=3119"}],"version-history":[{"count":6,"href":"https:\/\/tkv-hochfranken.de\/index.php\/wp-json\/wp\/v2\/posts\/3119\/revisions"}],"predecessor-version":[{"id":3131,"href":"https:\/\/tkv-hochfranken.de\/index.php\/wp-json\/wp\/v2\/posts\/3119\/revisions\/3131"}],"wp:attachment":[{"href":"https:\/\/tkv-hochfranken.de\/index.php\/wp-json\/wp\/v2\/media?parent=3119"}],"wp:term":[{"taxonomy":"category","embeddable":true,"href":"https:\/\/tkv-hochfranken.de\/index.php\/wp-json\/wp\/v2\/categories?post=3119"},{"taxonomy":"post_tag","embeddable":true,"href":"https:\/\/tkv-hochfranken.de\/index.php\/wp-json\/wp\/v2\/tags?post=3119"}],"curies":[{"name":"wp","href":"https:\/\/api.w.org\/{rel}","templated":true}]}}