{"id":3136,"date":"2025-03-09T12:55:58","date_gmt":"2025-03-09T11:55:58","guid":{"rendered":"https:\/\/tkv-hochfranken.de\/?p=3136"},"modified":"2025-03-09T13:54:41","modified_gmt":"2025-03-09T12:54:41","slug":"gitarrenschueler-beim-pop-up-benefiz-konzert-in-der-michaeliskirche","status":"publish","type":"post","link":"https:\/\/tkv-hochfranken.de\/index.php\/2025\/03\/09\/gitarrenschueler-beim-pop-up-benefiz-konzert-in-der-michaeliskirche\/","title":{"rendered":"Gitarrensch\u00fcler beim &#8222;Pop-Up Benefiz Konzert&#8220; in der Michaeliskirche"},"content":{"rendered":"\n<figure class=\"wp-block-image size-large\"><img fetchpriority=\"high\" decoding=\"async\" width=\"1024\" height=\"344\" src=\"https:\/\/tkv-hochfranken.de\/wp-content\/uploads\/2025\/03\/Collage-1-1024x344.jpg\" alt=\"\" class=\"wp-image-3166\" srcset=\"https:\/\/tkv-hochfranken.de\/wp-content\/uploads\/2025\/03\/Collage-1-1024x344.jpg 1024w, https:\/\/tkv-hochfranken.de\/wp-content\/uploads\/2025\/03\/Collage-1-300x101.jpg 300w, https:\/\/tkv-hochfranken.de\/wp-content\/uploads\/2025\/03\/Collage-1-768x258.jpg 768w, https:\/\/tkv-hochfranken.de\/wp-content\/uploads\/2025\/03\/Collage-1-1536x516.jpg 1536w, https:\/\/tkv-hochfranken.de\/wp-content\/uploads\/2025\/03\/Collage-1-2048x689.jpg 2048w\" sizes=\"(max-width: 1024px) 100vw, 1024px\" \/><figcaption class=\"wp-element-caption\">Pop-Up Benefiz Konzert 2025 in Hof (Fotos: Gitarrenschule &#8222;Freunde der Gitarre&#8220; Hof)<\/figcaption><\/figure>\n\n\n\n<p>Zwei Sch\u00fcler von Gitarristen des Tonk\u00fcstlerverbandes waren beim gro\u00dfen &#8222;Pop-Up Benefiz Konzert&#8220; in der Michaeliskirche Hof dabei: Jeroen Sigl (Gitarrenschule &#8222;Freunde der Gitarre&#8220;) aus der Klasse Dietmar Ungerank und Jule Wirtelorz (Musikschule der Hofer Symphoniker) aus der Klasse Ewa Margareta Cyran spielten im Duo vor vielen Zuh\u00f6rern f\u00fcr Menschenrechte vor der anstehenden Bundestagswahl. Vielen Dank f\u00fcr Euer aller Engagement und Eure Musik! <\/p>\n\n\n\n<p><\/p>\n<h3>Related Images:<\/h3>","protected":false},"excerpt":{"rendered":"<p>Pop-Up Benefiz Konzert 2025 in Hof (Fotos: Gitarrenschule &#8222;Freunde der Gitarre&#8220; Hof) Zwei Sch\u00fcler von Gitarristen des Tonk\u00fcstlerverbandes waren beim gro\u00dfen &#8222;Pop-Up Benefiz Konzert&#8220; in der Michaeliskirche Hof dabei: Jeroen Sigl (Gitarrenschule &#8222;Freunde der Gitarre&#8220;) aus der Klasse Dietmar Ungerank und Jule Wirtelorz (Musikschule der Hofer Symphoniker) aus der Klasse Ewa Margareta Cyran spielten im&#8230; <\/p>\n<div class=\"read-more navbutton\"><a href=\"https:\/\/tkv-hochfranken.de\/index.php\/2025\/03\/09\/gitarrenschueler-beim-pop-up-benefiz-konzert-in-der-michaeliskirche\/\">Read More<i class=\"fa fa-angle-double-right\"><\/i><\/a><\/div>\n","protected":false},"author":1,"featured_media":0,"comment_status":"closed","ping_status":"","sticky":false,"template":"","format":"standard","meta":{"ngg_post_thumbnail":0,"footnotes":""},"categories":[1],"tags":[],"class_list":["post-3136","post","type-post","status-publish","format-standard","hentry","category-allgemein"],"_links":{"self":[{"href":"https:\/\/tkv-hochfranken.de\/index.php\/wp-json\/wp\/v2\/posts\/3136","targetHints":{"allow":["GET"]}}],"collection":[{"href":"https:\/\/tkv-hochfranken.de\/index.php\/wp-json\/wp\/v2\/posts"}],"about":[{"href":"https:\/\/tkv-hochfranken.de\/index.php\/wp-json\/wp\/v2\/types\/post"}],"author":[{"embeddable":true,"href":"https:\/\/tkv-hochfranken.de\/index.php\/wp-json\/wp\/v2\/users\/1"}],"replies":[{"embeddable":true,"href":"https:\/\/tkv-hochfranken.de\/index.php\/wp-json\/wp\/v2\/comments?post=3136"}],"version-history":[{"count":4,"href":"https:\/\/tkv-hochfranken.de\/index.php\/wp-json\/wp\/v2\/posts\/3136\/revisions"}],"predecessor-version":[{"id":3167,"href":"https:\/\/tkv-hochfranken.de\/index.php\/wp-json\/wp\/v2\/posts\/3136\/revisions\/3167"}],"wp:attachment":[{"href":"https:\/\/tkv-hochfranken.de\/index.php\/wp-json\/wp\/v2\/media?parent=3136"}],"wp:term":[{"taxonomy":"category","embeddable":true,"href":"https:\/\/tkv-hochfranken.de\/index.php\/wp-json\/wp\/v2\/categories?post=3136"},{"taxonomy":"post_tag","embeddable":true,"href":"https:\/\/tkv-hochfranken.de\/index.php\/wp-json\/wp\/v2\/tags?post=3136"}],"curies":[{"name":"wp","href":"https:\/\/api.w.org\/{rel}","templated":true}]}}