{"id":3138,"date":"2025-03-09T12:56:59","date_gmt":"2025-03-09T11:56:59","guid":{"rendered":"https:\/\/tkv-hochfranken.de\/?p=3138"},"modified":"2025-03-09T13:37:17","modified_gmt":"2025-03-09T12:37:17","slug":"grosser-artikel-ueber-slawek-dudar-im-pro-hof-magazin","status":"publish","type":"post","link":"https:\/\/tkv-hochfranken.de\/index.php\/2025\/03\/09\/grosser-artikel-ueber-slawek-dudar-im-pro-hof-magazin\/","title":{"rendered":"Gro\u00dfe Artikel \u00fcber Slawek Dudar im ProHof-Magazin und im Wochenspiegel"},"content":{"rendered":"\n<figure class=\"wp-block-image size-large\"><img fetchpriority=\"high\" decoding=\"async\" width=\"1024\" height=\"973\" src=\"https:\/\/tkv-hochfranken.de\/wp-content\/uploads\/2025\/03\/Excerpts-1024x973.jpg\" alt=\"\" class=\"wp-image-3152\" srcset=\"https:\/\/tkv-hochfranken.de\/wp-content\/uploads\/2025\/03\/Excerpts-1024x973.jpg 1024w, https:\/\/tkv-hochfranken.de\/wp-content\/uploads\/2025\/03\/Excerpts-300x285.jpg 300w, https:\/\/tkv-hochfranken.de\/wp-content\/uploads\/2025\/03\/Excerpts-768x730.jpg 768w, https:\/\/tkv-hochfranken.de\/wp-content\/uploads\/2025\/03\/Excerpts-1536x1460.jpg 1536w, https:\/\/tkv-hochfranken.de\/wp-content\/uploads\/2025\/03\/Excerpts-2048x1947.jpg 2048w\" sizes=\"(max-width: 1024px) 100vw, 1024px\" \/><\/figure>\n\n\n\n<p>Zwei Artikel \u00fcber den Hofer Saxophonisten <strong>Slawek Dudar<\/strong> wurden im <strong>ProHof Magazin<\/strong> bzw. dem <strong>Wochenspiegel <\/strong>abgedruckt. Beide besprechen dabei die besondere Tatsache, dass <strong>Slawek Dudar<\/strong> vom <strong>Forum Kultur<\/strong> zum <strong>K\u00fcnstler des Monats<\/strong> <strong>Dezember 2024<\/strong> der Europ\u00e4ischen <strong>Metropolregion N\u00fcrnberg<\/strong> ausgew\u00e4hlt wurde. Es freut uns als <strong>Tonk\u00fcnstlerverband Hochfranken e.V.<\/strong> ganz besonders, dass diese W\u00fcrdigung nicht nur in der Musikszene, sondern auch verst\u00e4rkt in der allgemeinen \u00d6ffentlichkeit wahrgenommen wird. <\/p>\n\n\n\n<p>Dudar ist aktuell <strong>Lehrer f\u00fcr Saxophon<\/strong> an der <strong>Musikschule der Hofer Symphoniker<\/strong> und unterrichtet auch <strong>Jazz-Ensamble<\/strong> und <strong>Improvisation<\/strong>. Des Weiteren ist er <strong>Mitglied im Vorstand des Tonk\u00fcnstlerverbandes Hochfranken e.V.<\/strong>. Als aus\u00fcbender <strong>K\u00fcnstler<\/strong> ist er inzwischen omnipr\u00e4sent in und um Hof wobei er vom klassischen Jazz-Ensemble bis hin zu Auftritten in der modernen Clubszene von sich reden macht. Zahlreiche <strong>CD-Einspielungen<\/strong> in verschiedenen Besetzungen dokumentieren seinen urspr\u00fcnglich aus Breslau (Polen) ausgegangenen Musikweg, bei welchen er h\u00e4ufig auch <strong>eigene Kompositionen<\/strong> einspielte. Seine gr\u00f6\u00dften Fu\u00dfabdr\u00fccke in der Region hinterlie\u00df Dudar allerdings in den letzten zwei Jahren, als er mit dem vom Tonk\u00fcnstlerverband Hochfranken veranstalteten <strong>Festival &#8222;Hof Jazz Nights&#8220;<\/strong> zahlreiche <strong>internationale<\/strong> <strong>K\u00fcnstler<\/strong> der Jazz-Szene einlud aber auch lokale Veranstaltungen zur <strong>Jazz-P\u00e4dagogik<\/strong> anbot. Damit vereinte er viele <strong>gro\u00dfe Events<\/strong> f\u00fcr diese Musikrichtung. Dies kam bei Presse und vor allem dem Publikum so gut an, dass man schon jetzt weit \u00fcber die Grenzen von Hochfranken hinaus davon als feste Gr\u00f6\u00dfe spricht.<\/p>\n\n\n\n<p>Seit Mai 2010 wird jeden Monat ein K\u00fcnstler bzw. eine K\u00fcnstlerin der Metropolregion N\u00fcrnberg durch das Forum Kultur von einer Fachjury geehrt, nachdem diese zweimal im Jahr \u00fcber m\u00f6gliche Kandidaten (der gesamtem Metroplregion) beraten haben. Ausgew\u00e4hlt werden K\u00fcnstler aller Sparten. Der Tonk\u00fcnstlerverband Hochfranken e.V. gratuliert nochmals ganz herzlich seinem Mitglied und vor allem dem k\u00fcnstlerischen und organisatorischen Gesamtleiter der &#8222;<strong>Hof Jazz Nights<\/strong>&#8220; Herrn <strong>Slawek Dudar<\/strong>! Alles Gute!<\/p>\n<h3>Related Images:<\/h3>","protected":false},"excerpt":{"rendered":"<p>Zwei Artikel \u00fcber den Hofer Saxophonisten Slawek Dudar wurden im ProHof Magazin bzw. dem Wochenspiegel abgedruckt. Beide besprechen dabei die besondere Tatsache, dass Slawek Dudar vom Forum Kultur zum K\u00fcnstler des Monats Dezember 2024 der Europ\u00e4ischen Metropolregion N\u00fcrnberg ausgew\u00e4hlt wurde. Es freut uns als Tonk\u00fcnstlerverband Hochfranken e.V. ganz besonders, dass diese W\u00fcrdigung nicht nur in&#8230; <\/p>\n<div class=\"read-more navbutton\"><a href=\"https:\/\/tkv-hochfranken.de\/index.php\/2025\/03\/09\/grosser-artikel-ueber-slawek-dudar-im-pro-hof-magazin\/\">Read More<i class=\"fa fa-angle-double-right\"><\/i><\/a><\/div>\n","protected":false},"author":1,"featured_media":0,"comment_status":"closed","ping_status":"","sticky":false,"template":"","format":"standard","meta":{"ngg_post_thumbnail":0,"footnotes":""},"categories":[1],"tags":[],"class_list":["post-3138","post","type-post","status-publish","format-standard","hentry","category-allgemein"],"_links":{"self":[{"href":"https:\/\/tkv-hochfranken.de\/index.php\/wp-json\/wp\/v2\/posts\/3138","targetHints":{"allow":["GET"]}}],"collection":[{"href":"https:\/\/tkv-hochfranken.de\/index.php\/wp-json\/wp\/v2\/posts"}],"about":[{"href":"https:\/\/tkv-hochfranken.de\/index.php\/wp-json\/wp\/v2\/types\/post"}],"author":[{"embeddable":true,"href":"https:\/\/tkv-hochfranken.de\/index.php\/wp-json\/wp\/v2\/users\/1"}],"replies":[{"embeddable":true,"href":"https:\/\/tkv-hochfranken.de\/index.php\/wp-json\/wp\/v2\/comments?post=3138"}],"version-history":[{"count":4,"href":"https:\/\/tkv-hochfranken.de\/index.php\/wp-json\/wp\/v2\/posts\/3138\/revisions"}],"predecessor-version":[{"id":3158,"href":"https:\/\/tkv-hochfranken.de\/index.php\/wp-json\/wp\/v2\/posts\/3138\/revisions\/3158"}],"wp:attachment":[{"href":"https:\/\/tkv-hochfranken.de\/index.php\/wp-json\/wp\/v2\/media?parent=3138"}],"wp:term":[{"taxonomy":"category","embeddable":true,"href":"https:\/\/tkv-hochfranken.de\/index.php\/wp-json\/wp\/v2\/categories?post=3138"},{"taxonomy":"post_tag","embeddable":true,"href":"https:\/\/tkv-hochfranken.de\/index.php\/wp-json\/wp\/v2\/tags?post=3138"}],"curies":[{"name":"wp","href":"https:\/\/api.w.org\/{rel}","templated":true}]}}