{"id":3140,"date":"2025-03-09T12:57:22","date_gmt":"2025-03-09T11:57:22","guid":{"rendered":"https:\/\/tkv-hochfranken.de\/?p=3140"},"modified":"2025-03-09T14:13:29","modified_gmt":"2025-03-09T13:13:29","slug":"naechste-klangspuerchen","status":"publish","type":"post","link":"https:\/\/tkv-hochfranken.de\/index.php\/2025\/03\/09\/naechste-klangspuerchen\/","title":{"rendered":"N\u00e4chste Klangsp\u00fcrchen finden am 29. M\u00e4rz 2025 in der KlangManufaktur in Hof statt"},"content":{"rendered":"\n<figure class=\"wp-block-image size-large\"><img fetchpriority=\"high\" decoding=\"async\" width=\"1024\" height=\"612\" src=\"https:\/\/tkv-hochfranken.de\/wp-content\/uploads\/2025\/03\/Bearbeitet-02-1024x612.jpg\" alt=\"\" class=\"wp-image-3154\" srcset=\"https:\/\/tkv-hochfranken.de\/wp-content\/uploads\/2025\/03\/Bearbeitet-02-1024x612.jpg 1024w, https:\/\/tkv-hochfranken.de\/wp-content\/uploads\/2025\/03\/Bearbeitet-02-300x179.jpg 300w, https:\/\/tkv-hochfranken.de\/wp-content\/uploads\/2025\/03\/Bearbeitet-02-768x459.jpg 768w, https:\/\/tkv-hochfranken.de\/wp-content\/uploads\/2025\/03\/Bearbeitet-02-1536x917.jpg 1536w, https:\/\/tkv-hochfranken.de\/wp-content\/uploads\/2025\/03\/Bearbeitet-02-2048x1223.jpg 2048w\" sizes=\"(max-width: 1024px) 100vw, 1024px\" \/><figcaption class=\"wp-element-caption\">Bei vergangenen Klangsp\u00fcrchen (Foto: TKV Hochfranken)<\/figcaption><\/figure>\n\n\n\n<p>Das 3. Sch\u00fclerkonzert <strong>\u201eKlangsp\u00fcrchen\u201c<\/strong> 2025 findet am 29. M\u00e4rz um 16:30 Uhr statt, und zwar in der <strong>KlangManufaktur<\/strong> der <strong>Hofer Symphoniker<\/strong> in <strong>Hof<\/strong> (Kulmbacher Stra\u00dfe 1, 95030 Hof). Die <strong>\u201eKlangSp\u00fcrchen\u201c<\/strong> sind eine Konzertereihe f\u00fcr Kinder und Jugendliche, die von den <strong>\u201eKlangSpuren\u201c-Konzerten<\/strong> inspiriert wurde. Inzwischen bestehen sie seit 2014 und finden etwa zwei- bis viermal im Jahr statt. Im M\u00e4rz liegt der Fokus auf der <strong>Wettbewerbsvorbereitung zum Landeswettbewerb \u201eJugend Musiziert\u201c<\/strong> in Augsburg im April. Freuen Sie sich also auf ein Konzert mit besonderen Sch\u00fclerdarbietungen.<\/p>\n\n\n\n<p>Im Jahr 2017 hat <strong>Yasuko Sugimoto-Shestiperov<\/strong> die k\u00fcnstlerische Leitung dieser Konzertreihe \u00fcbernommen. In den <strong>\u201eKlangsp\u00fcrchen\u201c<\/strong> haben die jungen K\u00fcnstlerinnen und K\u00fcnstler die Gelegenheit, zu zeigen, was sie musikalisch alles so k\u00f6nnen. Dem T<strong>onk\u00fcnstlerverband Hochfranken e.V.<\/strong> ist die <strong>F\u00f6rderung des Nachwuchses<\/strong> ein besonderes Anliegen. Im Allgemeinen k\u00f6nnen Sch\u00fclerinnen und Sch\u00fcler der Region Hochfranken teilnehmen, indem sie sich bei Frau Sugimoto-Shestiperov anmelden. (Bei Interesse schreiben Sie uns bitte eine Email unter <a href=\"mailto:vorstand@tkv-hochfranken.de\">vorstand@tkv-hochfranken.de<\/a> mit dem Betreff \u201eKlangSp\u00fcrchen\u201c und Ihren Programmvorschl\u00e4gen.) Bitte beachten Sie ein eventuelles Thema des kommenden Konzerts bei der Programmauswahl. Herzliche Einladung! Der Eintritt ist frei!<\/p>\n<h3>Related Images:<\/h3>","protected":false},"excerpt":{"rendered":"<p>Bei vergangenen Klangsp\u00fcrchen (Foto: TKV Hochfranken) Das 3. Sch\u00fclerkonzert \u201eKlangsp\u00fcrchen\u201c 2025 findet am 29. M\u00e4rz um 16:30 Uhr statt, und zwar in der KlangManufaktur der Hofer Symphoniker in Hof (Kulmbacher Stra\u00dfe 1, 95030 Hof). Die \u201eKlangSp\u00fcrchen\u201c sind eine Konzertereihe f\u00fcr Kinder und Jugendliche, die von den \u201eKlangSpuren\u201c-Konzerten inspiriert wurde. Inzwischen bestehen sie seit 2014 und&#8230; <\/p>\n<div class=\"read-more navbutton\"><a href=\"https:\/\/tkv-hochfranken.de\/index.php\/2025\/03\/09\/naechste-klangspuerchen\/\">Read More<i class=\"fa fa-angle-double-right\"><\/i><\/a><\/div>\n","protected":false},"author":1,"featured_media":0,"comment_status":"closed","ping_status":"","sticky":false,"template":"","format":"standard","meta":{"ngg_post_thumbnail":0,"footnotes":""},"categories":[1],"tags":[],"class_list":["post-3140","post","type-post","status-publish","format-standard","hentry","category-allgemein"],"_links":{"self":[{"href":"https:\/\/tkv-hochfranken.de\/index.php\/wp-json\/wp\/v2\/posts\/3140","targetHints":{"allow":["GET"]}}],"collection":[{"href":"https:\/\/tkv-hochfranken.de\/index.php\/wp-json\/wp\/v2\/posts"}],"about":[{"href":"https:\/\/tkv-hochfranken.de\/index.php\/wp-json\/wp\/v2\/types\/post"}],"author":[{"embeddable":true,"href":"https:\/\/tkv-hochfranken.de\/index.php\/wp-json\/wp\/v2\/users\/1"}],"replies":[{"embeddable":true,"href":"https:\/\/tkv-hochfranken.de\/index.php\/wp-json\/wp\/v2\/comments?post=3140"}],"version-history":[{"count":3,"href":"https:\/\/tkv-hochfranken.de\/index.php\/wp-json\/wp\/v2\/posts\/3140\/revisions"}],"predecessor-version":[{"id":3168,"href":"https:\/\/tkv-hochfranken.de\/index.php\/wp-json\/wp\/v2\/posts\/3140\/revisions\/3168"}],"wp:attachment":[{"href":"https:\/\/tkv-hochfranken.de\/index.php\/wp-json\/wp\/v2\/media?parent=3140"}],"wp:term":[{"taxonomy":"category","embeddable":true,"href":"https:\/\/tkv-hochfranken.de\/index.php\/wp-json\/wp\/v2\/categories?post=3140"},{"taxonomy":"post_tag","embeddable":true,"href":"https:\/\/tkv-hochfranken.de\/index.php\/wp-json\/wp\/v2\/tags?post=3140"}],"curies":[{"name":"wp","href":"https:\/\/api.w.org\/{rel}","templated":true}]}}