{"id":3142,"date":"2025-03-09T12:57:44","date_gmt":"2025-03-09T11:57:44","guid":{"rendered":"https:\/\/tkv-hochfranken.de\/?p=3142"},"modified":"2025-03-09T18:05:16","modified_gmt":"2025-03-09T17:05:16","slug":"no-king-no-crown-im-kkh","status":"publish","type":"post","link":"https:\/\/tkv-hochfranken.de\/index.php\/2025\/03\/09\/no-king-no-crown-im-kkh\/","title":{"rendered":"Sehr erfolgreiches Bandkonzert mit &#8218;No King. No Crown.&#8216; im Hofer KunstKaufHaus"},"content":{"rendered":"\n<figure class=\"wp-block-image size-large\"><img fetchpriority=\"high\" decoding=\"async\" width=\"1024\" height=\"785\" src=\"https:\/\/tkv-hochfranken.de\/wp-content\/uploads\/2025\/03\/03-1024x785.jpg\" alt=\"\" class=\"wp-image-3181\" srcset=\"https:\/\/tkv-hochfranken.de\/wp-content\/uploads\/2025\/03\/03-1024x785.jpg 1024w, https:\/\/tkv-hochfranken.de\/wp-content\/uploads\/2025\/03\/03-300x230.jpg 300w, https:\/\/tkv-hochfranken.de\/wp-content\/uploads\/2025\/03\/03-768x589.jpg 768w, https:\/\/tkv-hochfranken.de\/wp-content\/uploads\/2025\/03\/03-1536x1178.jpg 1536w, https:\/\/tkv-hochfranken.de\/wp-content\/uploads\/2025\/03\/03.jpg 1929w\" sizes=\"(max-width: 1024px) 100vw, 1024px\" \/><figcaption class=\"wp-element-caption\">Die Band &#8218;No King. No Crown.&#8216; im KunstKaufHaus Hof (Foto: TKV Hochfranken)<\/figcaption><\/figure>\n\n\n\n<p>Was f\u00fcr ein gelungener Abend! Dass das Bandkonzert mit &#8218;<strong>No King. No Crown.<\/strong>&#8218; am 1. M\u00e4rz 2025 ein so harmonischer Abend werden w\u00fcrde, war selbst von den Veranstaltern unerwartet. Nicht, dass die Musik der Band das nicht h\u00e4tte erahnen lassen k\u00f6nnen &#8211; sch\u00f6ne getragene Singer\/Songwriter-Arrangements mit vielerlei Gitarren, Violine und Gesang &#8211; sondern weil die Jungs vor etwa zwei Monaten bereits in Helmbrechts aufspielten. Veranstaltet wurde das Konzert um 20:00 Uhr gemeinschaftlich vom <strong>Tonk\u00fcnstlerverband Hochfranken e.V. <\/strong>(TKV) mit dem <strong>KunstKaufHaus Hof<\/strong>. Inhaber <strong>Alexander Kaiser<\/strong> lie\u00df dabei dem Verband freie k\u00fcnstlerische Hand, wenngleich die Band schon h\u00e4ufiger in Hof zu Gast war und ihr Fanpublikum nicht gebeten werden musste. Es war also trotzdem auch ein kleines Heimspiel.<\/p>\n\n\n\n<figure class=\"wp-block-image size-large\"><img decoding=\"async\" width=\"1024\" height=\"768\" src=\"https:\/\/tkv-hochfranken.de\/wp-content\/uploads\/2025\/03\/07-1024x768.jpg\" alt=\"\" class=\"wp-image-3183\" srcset=\"https:\/\/tkv-hochfranken.de\/wp-content\/uploads\/2025\/03\/07-1024x768.jpg 1024w, https:\/\/tkv-hochfranken.de\/wp-content\/uploads\/2025\/03\/07-300x225.jpg 300w, https:\/\/tkv-hochfranken.de\/wp-content\/uploads\/2025\/03\/07-768x576.jpg 768w, https:\/\/tkv-hochfranken.de\/wp-content\/uploads\/2025\/03\/07-1536x1152.jpg 1536w, https:\/\/tkv-hochfranken.de\/wp-content\/uploads\/2025\/03\/07.jpg 2048w\" sizes=\"(max-width: 1024px) 100vw, 1024px\" \/><figcaption class=\"wp-element-caption\">Die Band &#8218;No King. No Crown.&#8216; im KunstKaufHaus Hof (Foto: TKV Hochfranken)<\/figcaption><\/figure>\n\n\n\n<p>Das <strong>KunstKaufHaus<\/strong> f\u00fcllte sich allerdings bestens! Gute Stimmung an allen Enden und Ecken. F\u00fcr <strong>Markus Jung<\/strong>, <strong>1. Vorsitzenden des Tonk\u00fcnstlerverbandes Hochfranken e.V.<\/strong>, ein gelungenes Experiment: &#8222;Ich m\u00f6chte jegliche Arten von Musik f\u00f6rdern. Klassik, Jazz, Alte Musik, Weltmusik&#8230; und nun eben auch einmal den Rock-Pop-Bereich. Dass wir dabei so gut angenommen wurden, freut mich sehr.&#8220;. Dabei war es gar nicht das erste Mal, das der <strong>TKV<\/strong> sich Bands zuwandte. Sogar im <strong>KunstKaufHaus<\/strong> selbst wurde vor einigen Monaten ein Konzert mit der Weltmusik-Band &#8218;<strong>Beyond Borders<\/strong>&#8218; unterst\u00fctzt und zahlreiche <strong>nationale und internationale Jazz-Formationen<\/strong> pr\u00e4gen seit einigen Jahren das breitgef\u00e4cherte musikalische Verbandsleben.<\/p>\n\n\n\n<figure class=\"wp-block-image size-large\"><img decoding=\"async\" width=\"1024\" height=\"823\" src=\"https:\/\/tkv-hochfranken.de\/wp-content\/uploads\/2025\/03\/05-1024x823.jpg\" alt=\"\" class=\"wp-image-3182\" srcset=\"https:\/\/tkv-hochfranken.de\/wp-content\/uploads\/2025\/03\/05-1024x823.jpg 1024w, https:\/\/tkv-hochfranken.de\/wp-content\/uploads\/2025\/03\/05-300x241.jpg 300w, https:\/\/tkv-hochfranken.de\/wp-content\/uploads\/2025\/03\/05-768x618.jpg 768w, https:\/\/tkv-hochfranken.de\/wp-content\/uploads\/2025\/03\/05-1536x1235.jpg 1536w, https:\/\/tkv-hochfranken.de\/wp-content\/uploads\/2025\/03\/05.jpg 1859w\" sizes=\"(max-width: 1024px) 100vw, 1024px\" \/><figcaption class=\"wp-element-caption\">Die Band &#8218;No King. No Crown.&#8216; mit Markus Jung (Mitte) im KunstKaufHaus Hof (Foto: TKV Hochfranken)<\/figcaption><\/figure>\n\n\n\n<p>Der von der Band und dem Publikum hochgelobte Konzertabend wird noch lange in sch\u00f6ner Erinnerung bleiben! Ein besonderer Dank geht an die vielen <strong>ehrenamtlichen Helfer bei Technik, Ausschank und K\u00fcche<\/strong>, ohne die ein solches Projekt nicht so h\u00e4tte stattfinden k\u00f6nnen. Der <strong>Tonk\u00fcnstlerverband<\/strong> dankt besonders auch <strong>Alexander Kaiser<\/strong>, der diese Kooperation erst erm\u00f6glichte. F\u00fcr die Musik und das Miteinander geht ein letzter Dank an die sympathischen Musiker von &#8218;<strong>No King. No Crown.<\/strong>&#8218;, denen wir weiter allles Gute w\u00fcnschen. Wir sind zuversichtlich, dass es ein Wiedersehen geben wird ..!<\/p>\n\n\n\n<figure class=\"wp-block-image size-large\"><img loading=\"lazy\" decoding=\"async\" width=\"844\" height=\"1024\" src=\"https:\/\/tkv-hochfranken.de\/wp-content\/uploads\/2025\/03\/Collage-2-844x1024.jpg\" alt=\"\" class=\"wp-image-3184\" srcset=\"https:\/\/tkv-hochfranken.de\/wp-content\/uploads\/2025\/03\/Collage-2-844x1024.jpg 844w, https:\/\/tkv-hochfranken.de\/wp-content\/uploads\/2025\/03\/Collage-2-247x300.jpg 247w, https:\/\/tkv-hochfranken.de\/wp-content\/uploads\/2025\/03\/Collage-2-768x932.jpg 768w, https:\/\/tkv-hochfranken.de\/wp-content\/uploads\/2025\/03\/Collage-2-1265x1536.jpg 1265w, https:\/\/tkv-hochfranken.de\/wp-content\/uploads\/2025\/03\/Collage-2-1687x2048.jpg 1687w\" sizes=\"(max-width: 844px) 100vw, 844px\" \/><figcaption class=\"wp-element-caption\">Die Band &#8218;No King. No Crown.&#8216; im KunstKaufHaus Hof sowie oben links Markus Jung und Alexander Kaiser (Fotos: TKV Hochfranken)<\/figcaption><\/figure>\n<h3>Related Images:<\/h3>","protected":false},"excerpt":{"rendered":"<p>Die Band &#8218;No King. No Crown.&#8216; im KunstKaufHaus Hof (Foto: TKV Hochfranken) Was f\u00fcr ein gelungener Abend! Dass das Bandkonzert mit &#8218;No King. No Crown.&#8218; am 1. M\u00e4rz 2025 ein so harmonischer Abend werden w\u00fcrde, war selbst von den Veranstaltern unerwartet. Nicht, dass die Musik der Band das nicht h\u00e4tte erahnen lassen k\u00f6nnen &#8211; sch\u00f6ne&#8230; <\/p>\n<div class=\"read-more navbutton\"><a href=\"https:\/\/tkv-hochfranken.de\/index.php\/2025\/03\/09\/no-king-no-crown-im-kkh\/\">Read More<i class=\"fa fa-angle-double-right\"><\/i><\/a><\/div>\n","protected":false},"author":1,"featured_media":0,"comment_status":"closed","ping_status":"","sticky":false,"template":"","format":"standard","meta":{"ngg_post_thumbnail":0,"footnotes":""},"categories":[1],"tags":[],"class_list":["post-3142","post","type-post","status-publish","format-standard","hentry","category-allgemein"],"_links":{"self":[{"href":"https:\/\/tkv-hochfranken.de\/index.php\/wp-json\/wp\/v2\/posts\/3142","targetHints":{"allow":["GET"]}}],"collection":[{"href":"https:\/\/tkv-hochfranken.de\/index.php\/wp-json\/wp\/v2\/posts"}],"about":[{"href":"https:\/\/tkv-hochfranken.de\/index.php\/wp-json\/wp\/v2\/types\/post"}],"author":[{"embeddable":true,"href":"https:\/\/tkv-hochfranken.de\/index.php\/wp-json\/wp\/v2\/users\/1"}],"replies":[{"embeddable":true,"href":"https:\/\/tkv-hochfranken.de\/index.php\/wp-json\/wp\/v2\/comments?post=3142"}],"version-history":[{"count":3,"href":"https:\/\/tkv-hochfranken.de\/index.php\/wp-json\/wp\/v2\/posts\/3142\/revisions"}],"predecessor-version":[{"id":3187,"href":"https:\/\/tkv-hochfranken.de\/index.php\/wp-json\/wp\/v2\/posts\/3142\/revisions\/3187"}],"wp:attachment":[{"href":"https:\/\/tkv-hochfranken.de\/index.php\/wp-json\/wp\/v2\/media?parent=3142"}],"wp:term":[{"taxonomy":"category","embeddable":true,"href":"https:\/\/tkv-hochfranken.de\/index.php\/wp-json\/wp\/v2\/categories?post=3142"},{"taxonomy":"post_tag","embeddable":true,"href":"https:\/\/tkv-hochfranken.de\/index.php\/wp-json\/wp\/v2\/tags?post=3142"}],"curies":[{"name":"wp","href":"https:\/\/api.w.org\/{rel}","templated":true}]}}