{"id":3144,"date":"2025-03-09T12:58:44","date_gmt":"2025-03-09T11:58:44","guid":{"rendered":"https:\/\/tkv-hochfranken.de\/?p=3144"},"modified":"2025-03-09T14:51:33","modified_gmt":"2025-03-09T13:51:33","slug":"tonkuenstlerverband-hochfranken-e-v-und-seine-hofjazznights-beim-your-stage-festival-in-hof","status":"publish","type":"post","link":"https:\/\/tkv-hochfranken.de\/index.php\/2025\/03\/09\/tonkuenstlerverband-hochfranken-e-v-und-seine-hofjazznights-beim-your-stage-festival-in-hof\/","title":{"rendered":"Tonk\u00fcnstlerverband Hochfranken e.V. und seine HofJazzNights beim Your Stage Festival in Hof"},"content":{"rendered":"\n<figure class=\"wp-block-image size-large\"><img fetchpriority=\"high\" decoding=\"async\" width=\"1024\" height=\"790\" src=\"https:\/\/tkv-hochfranken.de\/wp-content\/uploads\/2025\/03\/Your-Stage-01-1024x790.jpg\" alt=\"\" class=\"wp-image-3171\" srcset=\"https:\/\/tkv-hochfranken.de\/wp-content\/uploads\/2025\/03\/Your-Stage-01-1024x790.jpg 1024w, https:\/\/tkv-hochfranken.de\/wp-content\/uploads\/2025\/03\/Your-Stage-01-300x232.jpg 300w, https:\/\/tkv-hochfranken.de\/wp-content\/uploads\/2025\/03\/Your-Stage-01-768x593.jpg 768w, https:\/\/tkv-hochfranken.de\/wp-content\/uploads\/2025\/03\/Your-Stage-01.jpg 1446w\" sizes=\"(max-width: 1024px) 100vw, 1024px\" \/><figcaption class=\"wp-element-caption\">Slawek Dudar und Markus Jung beim Your Stage Festival 2025 in Hof (Foto: TKV Hochranken)<\/figcaption><\/figure>\n\n\n\n<p>Am 8. M\u00e4rz fand in derHofer  <strong>Freiheitshalle<\/strong> das<strong> Your Stage Festival<\/strong> statt. Junge K\u00fcnstler bekamen B\u00fchnen und konnten sich einer breiten \u00d6ffentlichkeit vorstellen. Viele Hofer Vereine konnten sich mit einem Stand pr\u00e4sentieren und mit Musikinteressierten ins Gespr\u00e4ch kommen. Auch der <strong>Tonk\u00fcnstlerverband Hochfranken e.V.<\/strong> mit seinem demn\u00e4chst zum dritten Mal stattfindenden Gro\u00dfprojekt <strong>HofJazzNights<\/strong> war vor Ort. Fast acht Stunden lang konnten Markus Jung und Slawek Dudar mit interessierten Menschen reden und das reichhaltige Programm des Verbandes vorstellen. Ein Interview mit Fabian Riemen von Hof Kunst und Kultur gab es auch. Vielen Dank an das Your Stage Festival, die Stadt Hof und die Freiheitshalle Hof f\u00fcr diese sch\u00f6ne M\u00f6glichkeit. <\/p>\n\n\n\n<figure class=\"wp-block-image size-large\"><img decoding=\"async\" width=\"1024\" height=\"623\" src=\"https:\/\/tkv-hochfranken.de\/wp-content\/uploads\/2025\/03\/Your-Stage-02-1024x623.jpg\" alt=\"\" class=\"wp-image-3172\" srcset=\"https:\/\/tkv-hochfranken.de\/wp-content\/uploads\/2025\/03\/Your-Stage-02-1024x623.jpg 1024w, https:\/\/tkv-hochfranken.de\/wp-content\/uploads\/2025\/03\/Your-Stage-02-300x183.jpg 300w, https:\/\/tkv-hochfranken.de\/wp-content\/uploads\/2025\/03\/Your-Stage-02-768x468.jpg 768w, https:\/\/tkv-hochfranken.de\/wp-content\/uploads\/2025\/03\/Your-Stage-02-1536x935.jpg 1536w, https:\/\/tkv-hochfranken.de\/wp-content\/uploads\/2025\/03\/Your-Stage-02.jpg 1682w\" sizes=\"(max-width: 1024px) 100vw, 1024px\" \/><figcaption class=\"wp-element-caption\">Der TKV Hochfranken hatte viel zu pr\u00e4sentieren beim Your Stage Festival 2025 in Hof (Foto: TKV Hochranken)<\/figcaption><\/figure>\n\n\n\n<figure class=\"wp-block-image size-large\"><img decoding=\"async\" width=\"1024\" height=\"641\" src=\"https:\/\/tkv-hochfranken.de\/wp-content\/uploads\/2025\/03\/Your-Stage-03-1024x641.jpg\" alt=\"\" class=\"wp-image-3173\" srcset=\"https:\/\/tkv-hochfranken.de\/wp-content\/uploads\/2025\/03\/Your-Stage-03-1024x641.jpg 1024w, https:\/\/tkv-hochfranken.de\/wp-content\/uploads\/2025\/03\/Your-Stage-03-300x188.jpg 300w, https:\/\/tkv-hochfranken.de\/wp-content\/uploads\/2025\/03\/Your-Stage-03-768x481.jpg 768w, https:\/\/tkv-hochfranken.de\/wp-content\/uploads\/2025\/03\/Your-Stage-03-1536x962.jpg 1536w, https:\/\/tkv-hochfranken.de\/wp-content\/uploads\/2025\/03\/Your-Stage-03.jpg 1788w\" sizes=\"(max-width: 1024px) 100vw, 1024px\" \/><figcaption class=\"wp-element-caption\">Fabian Riemen (Mitte) mit Slawek Dudar und Markus Jung beim Your Stage Festival 2025 in Hof (Foto: TKV Hochranken)<\/figcaption><\/figure>\n\n\n\n<figure class=\"wp-block-image size-large\"><img loading=\"lazy\" decoding=\"async\" width=\"1024\" height=\"781\" src=\"https:\/\/tkv-hochfranken.de\/wp-content\/uploads\/2025\/03\/Your-Stage-04-Collage-1024x781.jpg\" alt=\"\" class=\"wp-image-3176\" srcset=\"https:\/\/tkv-hochfranken.de\/wp-content\/uploads\/2025\/03\/Your-Stage-04-Collage-1024x781.jpg 1024w, https:\/\/tkv-hochfranken.de\/wp-content\/uploads\/2025\/03\/Your-Stage-04-Collage-300x229.jpg 300w, https:\/\/tkv-hochfranken.de\/wp-content\/uploads\/2025\/03\/Your-Stage-04-Collage-768x586.jpg 768w, https:\/\/tkv-hochfranken.de\/wp-content\/uploads\/2025\/03\/Your-Stage-04-Collage-1536x1172.jpg 1536w, https:\/\/tkv-hochfranken.de\/wp-content\/uploads\/2025\/03\/Your-Stage-04-Collage-2048x1563.jpg 2048w\" sizes=\"(max-width: 1024px) 100vw, 1024px\" \/><figcaption class=\"wp-element-caption\">Eindr\u00fccke vom Your Stage Festival 2025 in Hof (Fotos: TKV Hochranken)<\/figcaption><\/figure>\n<h3>Related Images:<\/h3>","protected":false},"excerpt":{"rendered":"<p>Slawek Dudar und Markus Jung beim Your Stage Festival 2025 in Hof (Foto: TKV Hochranken) Am 8. M\u00e4rz fand in derHofer Freiheitshalle das Your Stage Festival statt. Junge K\u00fcnstler bekamen B\u00fchnen und konnten sich einer breiten \u00d6ffentlichkeit vorstellen. Viele Hofer Vereine konnten sich mit einem Stand pr\u00e4sentieren und mit Musikinteressierten ins Gespr\u00e4ch kommen. Auch der&#8230; <\/p>\n<div class=\"read-more navbutton\"><a href=\"https:\/\/tkv-hochfranken.de\/index.php\/2025\/03\/09\/tonkuenstlerverband-hochfranken-e-v-und-seine-hofjazznights-beim-your-stage-festival-in-hof\/\">Read More<i class=\"fa fa-angle-double-right\"><\/i><\/a><\/div>\n","protected":false},"author":1,"featured_media":0,"comment_status":"closed","ping_status":"","sticky":false,"template":"","format":"standard","meta":{"ngg_post_thumbnail":0,"footnotes":""},"categories":[1],"tags":[],"class_list":["post-3144","post","type-post","status-publish","format-standard","hentry","category-allgemein"],"_links":{"self":[{"href":"https:\/\/tkv-hochfranken.de\/index.php\/wp-json\/wp\/v2\/posts\/3144","targetHints":{"allow":["GET"]}}],"collection":[{"href":"https:\/\/tkv-hochfranken.de\/index.php\/wp-json\/wp\/v2\/posts"}],"about":[{"href":"https:\/\/tkv-hochfranken.de\/index.php\/wp-json\/wp\/v2\/types\/post"}],"author":[{"embeddable":true,"href":"https:\/\/tkv-hochfranken.de\/index.php\/wp-json\/wp\/v2\/users\/1"}],"replies":[{"embeddable":true,"href":"https:\/\/tkv-hochfranken.de\/index.php\/wp-json\/wp\/v2\/comments?post=3144"}],"version-history":[{"count":4,"href":"https:\/\/tkv-hochfranken.de\/index.php\/wp-json\/wp\/v2\/posts\/3144\/revisions"}],"predecessor-version":[{"id":3177,"href":"https:\/\/tkv-hochfranken.de\/index.php\/wp-json\/wp\/v2\/posts\/3144\/revisions\/3177"}],"wp:attachment":[{"href":"https:\/\/tkv-hochfranken.de\/index.php\/wp-json\/wp\/v2\/media?parent=3144"}],"wp:term":[{"taxonomy":"category","embeddable":true,"href":"https:\/\/tkv-hochfranken.de\/index.php\/wp-json\/wp\/v2\/categories?post=3144"},{"taxonomy":"post_tag","embeddable":true,"href":"https:\/\/tkv-hochfranken.de\/index.php\/wp-json\/wp\/v2\/tags?post=3144"}],"curies":[{"name":"wp","href":"https:\/\/api.w.org\/{rel}","templated":true}]}}