{"id":3146,"date":"2025-03-09T12:59:54","date_gmt":"2025-03-09T11:59:54","guid":{"rendered":"https:\/\/tkv-hochfranken.de\/?p=3146"},"modified":"2025-03-09T15:40:40","modified_gmt":"2025-03-09T14:40:40","slug":"die-hofjazznights-starten-im-april-2025-zum-dritten-mal","status":"publish","type":"post","link":"https:\/\/tkv-hochfranken.de\/index.php\/2025\/03\/09\/die-hofjazznights-starten-im-april-2025-zum-dritten-mal\/","title":{"rendered":"Die HofJazzNights starten im April 2025 zum dritten Mal"},"content":{"rendered":"\n<figure class=\"wp-block-image size-large\"><img fetchpriority=\"high\" decoding=\"async\" width=\"1024\" height=\"1024\" src=\"https:\/\/tkv-hochfranken.de\/wp-content\/uploads\/2025\/01\/5b34639d-cc09-4783-93c0-729b7aeb34af-1024x1024.jpg\" alt=\"\" class=\"wp-image-3071\" srcset=\"https:\/\/tkv-hochfranken.de\/wp-content\/uploads\/2025\/01\/5b34639d-cc09-4783-93c0-729b7aeb34af-1024x1024.jpg 1024w, https:\/\/tkv-hochfranken.de\/wp-content\/uploads\/2025\/01\/5b34639d-cc09-4783-93c0-729b7aeb34af-300x300.jpg 300w, https:\/\/tkv-hochfranken.de\/wp-content\/uploads\/2025\/01\/5b34639d-cc09-4783-93c0-729b7aeb34af-150x150.jpg 150w, https:\/\/tkv-hochfranken.de\/wp-content\/uploads\/2025\/01\/5b34639d-cc09-4783-93c0-729b7aeb34af-768x768.jpg 768w, https:\/\/tkv-hochfranken.de\/wp-content\/uploads\/2025\/01\/5b34639d-cc09-4783-93c0-729b7aeb34af-1536x1536.jpg 1536w, https:\/\/tkv-hochfranken.de\/wp-content\/uploads\/2025\/01\/5b34639d-cc09-4783-93c0-729b7aeb34af.jpg 2048w\" sizes=\"(max-width: 1024px) 100vw, 1024px\" \/><\/figure>\n\n\n\n<p>Die <strong>Hof Jazz Nights 2025<\/strong> finden vom <strong>03.04. <\/strong>bis<strong> 06.04.2025<\/strong> statt. Es ist bereits die dritte Ausgabe dieser Veranstaltung.&nbsp;<\/p>\n\n\n\n<p>Im Namen der <strong>Hof Jazz Nights<\/strong> und dem <strong>Tonk\u00fcnstlerverband<\/strong><strong> Hochfranken e.V.<\/strong> wollen den Jazz einer breiteren \u00d6ffentlichkeit anbieten und ein m\u00f6glichst gro\u00dfes Publikum in der Stadt Hof, der Region und in ganz Deutschland erreichen.&nbsp;<\/p>\n\n\n\n<p>Die musikalische Veranstaltungsreihe entsteht dieses Jahr in enger Kooperation zwischen dem&nbsp;<strong>Tonk\u00fcnstlerverband Hochfranken e.V<\/strong>. mit der&nbsp;<strong>Stadt Hof<\/strong>, der<strong>&nbsp;Freiheitshalle<\/strong>, dem&nbsp;<strong>Jean-Paul-Gymnasium<\/strong>,&nbsp;dem <strong>Johann-Christian-Reinhardt Gymnasium, <\/strong>der<strong> Musikschule der Hofer Symphoniker<\/strong>, dem&nbsp;<strong>Central-Kino Hof<\/strong>, sowie der&nbsp;<strong>Frankenpost <\/strong>&amp; dem <strong>Jazz-Fun.de Magazin.<\/strong>&nbsp;<\/p>\n\n\n\n<p>Dank der finanziellen Unterst\u00fctzung durch die <strong>Dr. Hans Viessmann Stiftung <\/strong>und die<strong> Hermann und Bertl M\u00fcller &#8211; Stiftung <\/strong>stehen die diesj\u00e4hrigen Hofer Jazzn\u00e4chte ganz im Zeichen der Jugendf\u00f6rderung sowie der F\u00f6rderung lokaler und internationaler Talente, denn Kinder und Jugendliche sind unsere Zukunft!&nbsp;<\/p>\n\n\n\n<p>Die<strong> Hof Jazz Nights<\/strong> beginnen mit einem<strong> Konzert eines Jazzquartetts<\/strong> in der <strong>KlangManufaktur<\/strong> der <strong>Hofer Symphoniker<\/strong>. Au\u00dferdem wird es eine <strong>Fotoausstellung<\/strong> unter der <strong>Schirmherrschaft des Ukrainischen Instituts<\/strong>, ein <strong>Konzert eines deutsch-ukrainischen Quintetts<\/strong>, die <strong>Vorf\u00fchrung eines Films<\/strong> \u00fcber junge Jazzmusiker sowie ein <strong>gemeinsames Konzert der Big Bands zweier unserer Gymnasien<\/strong> geben, bei der Sch\u00fcler mit <strong>professionellen Jazzmusikern<\/strong> auftreten. Des Weiteren treten <strong>zwei junge lokale Jazzmusiker<\/strong> auf und es wird zwei Preview-Konzerte mit jeder Menge Soul, R&#8217;n&#8217;B, Funk &amp; Jazzmusik geben.&nbsp;<\/p>\n\n\n\n<p>Es wird wieder ein wahres Fest des Jazz werden mit einer gro\u00dfen musikalischen Vielfalt aus Jazz, Blues, Rock, Gospel, Groove, Funk, R&#8217;n&#8217;B&#8216;, Soul und Hip-Hop!&nbsp;Herzliche Einladung!<\/p>\n\n\n\n<figure class=\"wp-block-image size-large\"><img decoding=\"async\" width=\"726\" height=\"1024\" src=\"https:\/\/tkv-hochfranken.de\/wp-content\/uploads\/2025\/03\/HofJazzNights2025-726x1024.jpg\" alt=\"\" class=\"wp-image-3153\" srcset=\"https:\/\/tkv-hochfranken.de\/wp-content\/uploads\/2025\/03\/HofJazzNights2025-726x1024.jpg 726w, https:\/\/tkv-hochfranken.de\/wp-content\/uploads\/2025\/03\/HofJazzNights2025-213x300.jpg 213w, https:\/\/tkv-hochfranken.de\/wp-content\/uploads\/2025\/03\/HofJazzNights2025-768x1084.jpg 768w, https:\/\/tkv-hochfranken.de\/wp-content\/uploads\/2025\/03\/HofJazzNights2025-1088x1536.jpg 1088w, https:\/\/tkv-hochfranken.de\/wp-content\/uploads\/2025\/03\/HofJazzNights2025-1451x2048.jpg 1451w, https:\/\/tkv-hochfranken.de\/wp-content\/uploads\/2025\/03\/HofJazzNights2025-scaled.jpg 1814w\" sizes=\"(max-width: 726px) 100vw, 726px\" \/><\/figure>\n\n\n\n<p><strong><a href=\"https:\/\/drive.google.com\/drive\/folders\/1TB7P1FarpWGM8mdgl_VJQGzAM9j6lbd9\" target=\"_blank\" rel=\"noreferrer noopener\">Unter folgendem LINK k\u00f6nnen Sie gesamte PROGRAMM- PROMO MATERIALIEN herunterladen:<\/a><\/strong><\/p>\n\n\n\n<p>1.Plakat als JPG \/ PDF<\/p>\n\n\n\n<p>2.Das Programm als JPG \/ PDF<\/p>\n\n\n\n<p>3. Ganze Programm als TEXT<\/p>\n\n\n\n<p>4. Konzert-&nbsp;Ank\u00fcndigungen als JPG<\/p>\n\n\n\n<p>Besuchen Sie gern auch unsere Internetseite <\/p>\n\n\n\n<p><a href=\"http:\/\/www.hofjazznights.de\">www.hofjazznights.de<\/a><\/p>\n\n\n\n<p><strong>YOUTUBE:<\/strong><\/p>\n\n\n\n<figure class=\"wp-block-embed is-type-video is-provider-youtube wp-block-embed-youtube wp-embed-aspect-16-9 wp-has-aspect-ratio\"><div class=\"wp-block-embed__wrapper\">\n<iframe title=\"Hof Jazz Nights 2025 -  vom 3. bis zum 6. April 2025\" width=\"680\" height=\"383\" src=\"https:\/\/www.youtube.com\/embed\/G-P6kQQTsqQ?feature=oembed\" frameborder=\"0\" allow=\"accelerometer; autoplay; clipboard-write; encrypted-media; gyroscope; picture-in-picture; web-share\" referrerpolicy=\"strict-origin-when-cross-origin\" allowfullscreen><\/iframe>\n<\/div><\/figure>\n\n\n\n<p><strong>KARTEN RESERVIERUNG:<\/strong><br><a href=\"https:\/\/www.hofjazznights.de\/karten2025\">https:\/\/www.hofjazznights.de\/karten2025<\/a><\/p>\n\n\n\n<p><strong>PROGRAMMBESCHREIBUNG\u00a0ONLINE:<\/strong><br><a href=\"https:\/\/www.hofjazznights.de\/programm2025\">https:\/\/www.hofjazznights.de\/programm2025<\/a><\/p>\n\n\n\n<p><\/p>\n\n\n\n<p><\/p>\n<h3>Related Images:<\/h3>","protected":false},"excerpt":{"rendered":"<p>Die Hof Jazz Nights 2025 finden vom 03.04. bis 06.04.2025 statt. Es ist bereits die dritte Ausgabe dieser Veranstaltung.&nbsp; Im Namen der Hof Jazz Nights und dem Tonk\u00fcnstlerverband Hochfranken e.V. wollen den Jazz einer breiteren \u00d6ffentlichkeit anbieten und ein m\u00f6glichst gro\u00dfes Publikum in der Stadt Hof, der Region und in ganz Deutschland erreichen.&nbsp; Die musikalische&#8230; <\/p>\n<div class=\"read-more navbutton\"><a href=\"https:\/\/tkv-hochfranken.de\/index.php\/2025\/03\/09\/die-hofjazznights-starten-im-april-2025-zum-dritten-mal\/\">Read More<i class=\"fa fa-angle-double-right\"><\/i><\/a><\/div>\n","protected":false},"author":1,"featured_media":0,"comment_status":"closed","ping_status":"","sticky":false,"template":"","format":"standard","meta":{"ngg_post_thumbnail":0,"footnotes":""},"categories":[1],"tags":[],"class_list":["post-3146","post","type-post","status-publish","format-standard","hentry","category-allgemein"],"_links":{"self":[{"href":"https:\/\/tkv-hochfranken.de\/index.php\/wp-json\/wp\/v2\/posts\/3146","targetHints":{"allow":["GET"]}}],"collection":[{"href":"https:\/\/tkv-hochfranken.de\/index.php\/wp-json\/wp\/v2\/posts"}],"about":[{"href":"https:\/\/tkv-hochfranken.de\/index.php\/wp-json\/wp\/v2\/types\/post"}],"author":[{"embeddable":true,"href":"https:\/\/tkv-hochfranken.de\/index.php\/wp-json\/wp\/v2\/users\/1"}],"replies":[{"embeddable":true,"href":"https:\/\/tkv-hochfranken.de\/index.php\/wp-json\/wp\/v2\/comments?post=3146"}],"version-history":[{"count":5,"href":"https:\/\/tkv-hochfranken.de\/index.php\/wp-json\/wp\/v2\/posts\/3146\/revisions"}],"predecessor-version":[{"id":3180,"href":"https:\/\/tkv-hochfranken.de\/index.php\/wp-json\/wp\/v2\/posts\/3146\/revisions\/3180"}],"wp:attachment":[{"href":"https:\/\/tkv-hochfranken.de\/index.php\/wp-json\/wp\/v2\/media?parent=3146"}],"wp:term":[{"taxonomy":"category","embeddable":true,"href":"https:\/\/tkv-hochfranken.de\/index.php\/wp-json\/wp\/v2\/categories?post=3146"},{"taxonomy":"post_tag","embeddable":true,"href":"https:\/\/tkv-hochfranken.de\/index.php\/wp-json\/wp\/v2\/tags?post=3146"}],"curies":[{"name":"wp","href":"https:\/\/api.w.org\/{rel}","templated":true}]}}