{"id":3198,"date":"2025-03-19T22:26:20","date_gmt":"2025-03-19T21:26:20","guid":{"rendered":"https:\/\/tkv-hochfranken.de\/?p=3198"},"modified":"2025-03-20T21:55:55","modified_gmt":"2025-03-20T20:55:55","slug":"ukraine-chor","status":"publish","type":"post","link":"https:\/\/tkv-hochfranken.de\/index.php\/2025\/03\/19\/ukraine-chor\/","title":{"rendered":"Gro\u00dfes Chorkonzert mit dem Ukrainischen Frauenchor Wunsiedel und dem Malergesangverein 1887 Selb"},"content":{"rendered":"\n<figure class=\"wp-block-image size-large\"><img fetchpriority=\"high\" decoding=\"async\" width=\"1024\" height=\"261\" src=\"https:\/\/tkv-hochfranken.de\/wp-content\/uploads\/2025\/03\/Programm-03-1024x261.jpg\" alt=\"\" class=\"wp-image-3223\" srcset=\"https:\/\/tkv-hochfranken.de\/wp-content\/uploads\/2025\/03\/Programm-03-1024x261.jpg 1024w, https:\/\/tkv-hochfranken.de\/wp-content\/uploads\/2025\/03\/Programm-03-300x76.jpg 300w, https:\/\/tkv-hochfranken.de\/wp-content\/uploads\/2025\/03\/Programm-03-768x196.jpg 768w, https:\/\/tkv-hochfranken.de\/wp-content\/uploads\/2025\/03\/Programm-03-1536x391.jpg 1536w, https:\/\/tkv-hochfranken.de\/wp-content\/uploads\/2025\/03\/Programm-03-2048x522.jpg 2048w\" sizes=\"(max-width: 1024px) 100vw, 1024px\" \/><\/figure>\n\n\n\n<p>Der <strong>Malergesangverein 1887 Selb<\/strong> und der <strong>Ukrainische Frauenchor Wunsiedel<\/strong> unter der Leitung von TKV-Mitglied <strong>Olena Kokidko<\/strong> gibt am <strong>Samstag<\/strong>, dem <strong>5. April 2025<\/strong> ein <strong>Benefizkonzert<\/strong> in der <strong>Auferstehungskirche<\/strong> in <strong>Bamberg<\/strong> (Pestalozzistra\u00dfe 27, 96052 Bamberg)! Erleben Sie ein abwechslungsreiches Programm f\u00fcr einen guten Zweck! Wir freuen uns f\u00fcr unsere regionalen Ensembles, deren Konzerte weit \u00fcber Hochfranken hinausgehen. Es werden auch gemeinsame Lieder erklingen, was f\u00fcr ein zus\u00e4tzliches Klangerlebnis sorgen wird. Beginn ist 18:00 Uhr. Herzliche Einladung!<\/p>\n\n\n\n<figure class=\"wp-block-image size-full\"><img decoding=\"async\" width=\"459\" height=\"794\" src=\"https:\/\/tkv-hochfranken.de\/wp-content\/uploads\/2025\/03\/April-2025-1.jpg\" alt=\"\" class=\"wp-image-3224\" srcset=\"https:\/\/tkv-hochfranken.de\/wp-content\/uploads\/2025\/03\/April-2025-1.jpg 459w, https:\/\/tkv-hochfranken.de\/wp-content\/uploads\/2025\/03\/April-2025-1-173x300.jpg 173w\" sizes=\"(max-width: 459px) 100vw, 459px\" \/><\/figure>\n<h3>Related Images:<\/h3>","protected":false},"excerpt":{"rendered":"<p>Der Malergesangverein 1887 Selb und der Ukrainische Frauenchor Wunsiedel unter der Leitung von TKV-Mitglied Olena Kokidko gibt am Samstag, dem 5. April 2025 ein Benefizkonzert in der Auferstehungskirche in Bamberg (Pestalozzistra\u00dfe 27, 96052 Bamberg)! Erleben Sie ein abwechslungsreiches Programm f\u00fcr einen guten Zweck! Wir freuen uns f\u00fcr unsere regionalen Ensembles, deren Konzerte weit \u00fcber Hochfranken&#8230; <\/p>\n<div class=\"read-more navbutton\"><a href=\"https:\/\/tkv-hochfranken.de\/index.php\/2025\/03\/19\/ukraine-chor\/\">Read More<i class=\"fa fa-angle-double-right\"><\/i><\/a><\/div>\n","protected":false},"author":1,"featured_media":0,"comment_status":"closed","ping_status":"","sticky":false,"template":"","format":"standard","meta":{"ngg_post_thumbnail":0,"footnotes":""},"categories":[1],"tags":[],"class_list":["post-3198","post","type-post","status-publish","format-standard","hentry","category-allgemein"],"_links":{"self":[{"href":"https:\/\/tkv-hochfranken.de\/index.php\/wp-json\/wp\/v2\/posts\/3198","targetHints":{"allow":["GET"]}}],"collection":[{"href":"https:\/\/tkv-hochfranken.de\/index.php\/wp-json\/wp\/v2\/posts"}],"about":[{"href":"https:\/\/tkv-hochfranken.de\/index.php\/wp-json\/wp\/v2\/types\/post"}],"author":[{"embeddable":true,"href":"https:\/\/tkv-hochfranken.de\/index.php\/wp-json\/wp\/v2\/users\/1"}],"replies":[{"embeddable":true,"href":"https:\/\/tkv-hochfranken.de\/index.php\/wp-json\/wp\/v2\/comments?post=3198"}],"version-history":[{"count":4,"href":"https:\/\/tkv-hochfranken.de\/index.php\/wp-json\/wp\/v2\/posts\/3198\/revisions"}],"predecessor-version":[{"id":3225,"href":"https:\/\/tkv-hochfranken.de\/index.php\/wp-json\/wp\/v2\/posts\/3198\/revisions\/3225"}],"wp:attachment":[{"href":"https:\/\/tkv-hochfranken.de\/index.php\/wp-json\/wp\/v2\/media?parent=3198"}],"wp:term":[{"taxonomy":"category","embeddable":true,"href":"https:\/\/tkv-hochfranken.de\/index.php\/wp-json\/wp\/v2\/categories?post=3198"},{"taxonomy":"post_tag","embeddable":true,"href":"https:\/\/tkv-hochfranken.de\/index.php\/wp-json\/wp\/v2\/tags?post=3198"}],"curies":[{"name":"wp","href":"https:\/\/api.w.org\/{rel}","templated":true}]}}