{"id":3274,"date":"2025-03-30T23:02:02","date_gmt":"2025-03-30T21:02:02","guid":{"rendered":"https:\/\/tkv-hochfranken.de\/?p=3274"},"modified":"2025-04-01T23:25:05","modified_gmt":"2025-04-01T21:25:05","slug":"dmytro-sybir-quintet-bei-den-hof-jazz-nights","status":"publish","type":"post","link":"https:\/\/tkv-hochfranken.de\/index.php\/2025\/03\/30\/dmytro-sybir-quintet-bei-den-hof-jazz-nights\/","title":{"rendered":"Dmytro Sybir Quintet bei den Hof Jazz Nights"},"content":{"rendered":"\n<figure class=\"wp-block-image size-large\"><img fetchpriority=\"high\" decoding=\"async\" width=\"819\" height=\"1024\" src=\"https:\/\/tkv-hochfranken.de\/wp-content\/uploads\/2025\/03\/3-819x1024.jpg\" alt=\"\" class=\"wp-image-3248\" srcset=\"https:\/\/tkv-hochfranken.de\/wp-content\/uploads\/2025\/03\/3-819x1024.jpg 819w, https:\/\/tkv-hochfranken.de\/wp-content\/uploads\/2025\/03\/3-240x300.jpg 240w, https:\/\/tkv-hochfranken.de\/wp-content\/uploads\/2025\/03\/3-768x960.jpg 768w, https:\/\/tkv-hochfranken.de\/wp-content\/uploads\/2025\/03\/3-1229x1536.jpg 1229w, https:\/\/tkv-hochfranken.de\/wp-content\/uploads\/2025\/03\/3-1638x2048.jpg 1638w, https:\/\/tkv-hochfranken.de\/wp-content\/uploads\/2025\/03\/3-scaled.jpg 2048w\" sizes=\"(max-width: 819px) 100vw, 819px\" \/><\/figure>\n\n\n\n<p>Am <strong>Freitag, <\/strong>dem <strong>4. April 2025 <\/strong>um<strong> 20:00 Uhr&nbsp;<\/strong>verwandelt sich die <strong>Aula<\/strong> des <strong>Jean-Paul-Gymnasiums<\/strong> wieder in einen <strong>Jazzclub<\/strong>, und ein <strong>Jazzquintett<\/strong> mit <strong>Musikern <\/strong>aus<strong> Deutschland<\/strong> und der<strong> Ukraine<\/strong> wird auf der B\u00fchne stehen. Das <strong>Dmytro Sybir Qintet <\/strong>gibt ein Konzert, dessen Programm dem jungen ukrainischen Jazzbassisten Serhii Artemov gewidmet ist.&nbsp;Zudem pr\u00e4sentieren wir die <strong>Fotoausstellung<\/strong> <strong>\u201eUkrainian jazzmen at war\u201c<\/strong>, welche ebenfalls dem jungen ukrainischen Jazzbassisten Serhii Artemov gewidmet ist.&nbsp;Diese gesamte Veranstaltung entsteht in Zusammenarbeit mit dem ukrainischen Institut in Kyjiw und war bereits auf anderen Veranstaltungen wie WOMEX-Berlin, Jazzahead!, Budapest Ritmo Festival, NUEJAZZ Festival, sowie in verschiedenen Konzerten in Schweden und Paris vertreten.&nbsp;Die Karten f\u00fcr das Konzert kosten 15,-\/10,-Euro, die Ausstellung ist inklusive.<\/p>\n\n\n\n<p>Weitere Informationen zum Projekt: <a href=\"https:\/\/ui.org.ua\/en\/artists\/serhii-artemov-2\/\">https:\/\/ui.org.ua\/en\/artists\/serhii-artemov-2\/<\/a><\/p>\n\n\n\n<p>Nach dem Konzert gibt es die M\u00f6glichkeit, gemeinsam Kompositionen von Serhii Artemov zu spielen!<\/p>\n\n\n\n<p><a href=\"https:\/\/a3fd74a5-5a79-4fce-ae7f-9e8224539191.filesusr.com\/ugd\/7a975c_c282c5dccbad4468a53064cdb7e51ccc.pdf\"><em>NOTEN ZUM HERUNTERLADEN FINDEN SIE HIER<\/em><\/a>&nbsp;<\/p>\n\n\n\n<hr class=\"wp-block-separator has-alpha-channel-opacity\"\/>\n\n\n\n<p><strong>Dmytrio Sybir<\/strong> ist 22 Jahre alt und spielt Jazztrompete. Musik war schon immer ein wichtiger Teil seines Lebens, aber die wirkliche Entdeckung kam, als er im Alter von 16 Jahren begann, Jazz zu h\u00f6ren. Damals er\u00f6ffnete sich ihm eine grenzenlose Welt voller Energie, Freiheit und Tiefe. Jazz ist f\u00fcr ihn nicht nur Musik, sondern ein lebendiger Organismus, der sich entwickelt, kommuniziert und inspiriert. Jazz ist eine Sprache ohne Grenzen, und jedes Konzert erz\u00e4hlt eine neue Geschichte.<\/p>\n\n\n\n<p><strong>Anton Shatylo<\/strong> ist ein 19 Jahre alter Saxophonist und begann seine Jazzlaufbahn in seiner Heimatstadt Tschernigow, wo er an einem College studierte. Nach seinem Abschluss zog er nach Deutschland, um sein Studium an der Hochschule f\u00fcr Musik in Dresden fortzusetzen. Seitdem ist er in der Jazzszene aktiv, spielt auf Festivals, tritt mit verschiedenen Musikern auf und erweitert st\u00e4ndig seinen musikalischen Horizont.&nbsp;<\/p>\n\n\n\n<p>Das <strong>Dmytro Sybir Quintet<\/strong> entstand durch ein Projekt, das der Musik des ukrainischen Jazz-Bassisten Serhii Artemov gewidmet ist, der tragischerweise im Krieg ums Leben kam. Obwohl Dmytro und Anton sich schon lange kennen, kreuzten sich ihre musikalischen und pers\u00f6nlichen Wege erst hier in Deutschland. &nbsp;<\/p>\n\n\n\n<p>Der Stil des Quintetts vereint ECM Jazz, Fusion, Modern Bop und Contemporary Bop. Die Hauptinspirationsquelle ist dabei die Musik von Serhii Artemov sowie von gro\u00dfartigen K\u00fcnstlern wie Kenny Wheeler, Freddie Hubbard, Herbie Hancock, Keith Jarrett, Marcus Miller und Roy Hargrove.&nbsp;<\/p>\n\n\n\n<hr class=\"wp-block-separator has-alpha-channel-opacity\"\/>\n\n\n\n<p><strong>DMYTRO SYBIR QUINTET<\/strong><\/p>\n\n\n\n<p>DMYTRO SYBIR &#8211; Trompete<\/p>\n\n\n\n<p>ANTON SHATYLO &#8211; Tenor Sax<\/p>\n\n\n\n<p>LOUIS PROTZER &#8211; Klavier<\/p>\n\n\n\n<p>ALEX BAYER &#8211; Bass<\/p>\n\n\n\n<p>BELA LEIBFRIED &#8211;&nbsp;Schlagzeug<\/p>\n\n\n\n<hr class=\"wp-block-separator has-alpha-channel-opacity\"\/>\n\n\n\n<p><a href=\"http:\/\/www.hofjazznights.de\">www.hofjazznights.de<\/a><\/p>\n\n\n\n<p><strong>KARTEN RESERVIERUNG:<\/strong><br><a href=\"https:\/\/www.hofjazznights.de\/karten2025\">https:\/\/www.hofjazznights.de\/karten2025<\/a><\/p>\n\n\n\n<p><strong>KOMPLETTE PROGRAMMBESCHREIBUNG&nbsp;ONLINE:<\/strong><br><a href=\"https:\/\/www.hofjazznights.de\/programm2025\">https:\/\/www.hofjazznights.de\/programm2025<\/a><\/p>\n\n\n\n<p><\/p>\n<h3>Related Images:<\/h3>","protected":false},"excerpt":{"rendered":"<p>Am Freitag, dem 4. April 2025 um 20:00 Uhr&nbsp;verwandelt sich die Aula des Jean-Paul-Gymnasiums wieder in einen Jazzclub, und ein Jazzquintett mit Musikern aus Deutschland und der Ukraine wird auf der B\u00fchne stehen. Das Dmytro Sybir Qintet gibt ein Konzert, dessen Programm dem jungen ukrainischen Jazzbassisten Serhii Artemov gewidmet ist.&nbsp;Zudem pr\u00e4sentieren wir die Fotoausstellung \u201eUkrainian&#8230; <\/p>\n<div class=\"read-more navbutton\"><a href=\"https:\/\/tkv-hochfranken.de\/index.php\/2025\/03\/30\/dmytro-sybir-quintet-bei-den-hof-jazz-nights\/\">Read More<i class=\"fa fa-angle-double-right\"><\/i><\/a><\/div>\n","protected":false},"author":1,"featured_media":0,"comment_status":"closed","ping_status":"","sticky":false,"template":"","format":"standard","meta":{"ngg_post_thumbnail":0,"footnotes":""},"categories":[1],"tags":[],"class_list":["post-3274","post","type-post","status-publish","format-standard","hentry","category-allgemein"],"_links":{"self":[{"href":"https:\/\/tkv-hochfranken.de\/index.php\/wp-json\/wp\/v2\/posts\/3274","targetHints":{"allow":["GET"]}}],"collection":[{"href":"https:\/\/tkv-hochfranken.de\/index.php\/wp-json\/wp\/v2\/posts"}],"about":[{"href":"https:\/\/tkv-hochfranken.de\/index.php\/wp-json\/wp\/v2\/types\/post"}],"author":[{"embeddable":true,"href":"https:\/\/tkv-hochfranken.de\/index.php\/wp-json\/wp\/v2\/users\/1"}],"replies":[{"embeddable":true,"href":"https:\/\/tkv-hochfranken.de\/index.php\/wp-json\/wp\/v2\/comments?post=3274"}],"version-history":[{"count":7,"href":"https:\/\/tkv-hochfranken.de\/index.php\/wp-json\/wp\/v2\/posts\/3274\/revisions"}],"predecessor-version":[{"id":3306,"href":"https:\/\/tkv-hochfranken.de\/index.php\/wp-json\/wp\/v2\/posts\/3274\/revisions\/3306"}],"wp:attachment":[{"href":"https:\/\/tkv-hochfranken.de\/index.php\/wp-json\/wp\/v2\/media?parent=3274"}],"wp:term":[{"taxonomy":"category","embeddable":true,"href":"https:\/\/tkv-hochfranken.de\/index.php\/wp-json\/wp\/v2\/categories?post=3274"},{"taxonomy":"post_tag","embeddable":true,"href":"https:\/\/tkv-hochfranken.de\/index.php\/wp-json\/wp\/v2\/tags?post=3274"}],"curies":[{"name":"wp","href":"https:\/\/api.w.org\/{rel}","templated":true}]}}