{"id":3276,"date":"2025-03-30T23:28:51","date_gmt":"2025-03-30T21:28:51","guid":{"rendered":"https:\/\/tkv-hochfranken.de\/?p=3276"},"modified":"2025-03-30T23:28:51","modified_gmt":"2025-03-30T21:28:51","slug":"wunderbarer-sonntagnachmittag-mit-dem-gitarristen-klaus-jaeckle","status":"publish","type":"post","link":"https:\/\/tkv-hochfranken.de\/index.php\/2025\/03\/30\/wunderbarer-sonntagnachmittag-mit-dem-gitarristen-klaus-jaeckle\/","title":{"rendered":"Wunderbarer Sonntagnachmittag mit dem Gitarristen Klaus J\u00e4ckle"},"content":{"rendered":"\n<figure class=\"wp-block-image size-large\"><img fetchpriority=\"high\" decoding=\"async\" width=\"1024\" height=\"796\" src=\"https:\/\/tkv-hochfranken.de\/wp-content\/uploads\/2025\/03\/07-1-1024x796.jpg\" alt=\"\" class=\"wp-image-3268\" srcset=\"https:\/\/tkv-hochfranken.de\/wp-content\/uploads\/2025\/03\/07-1-1024x796.jpg 1024w, https:\/\/tkv-hochfranken.de\/wp-content\/uploads\/2025\/03\/07-1-300x233.jpg 300w, https:\/\/tkv-hochfranken.de\/wp-content\/uploads\/2025\/03\/07-1-768x597.jpg 768w, https:\/\/tkv-hochfranken.de\/wp-content\/uploads\/2025\/03\/07-1-1536x1195.jpg 1536w, https:\/\/tkv-hochfranken.de\/wp-content\/uploads\/2025\/03\/07-1-2048x1593.jpg 2048w\" sizes=\"(max-width: 1024px) 100vw, 1024px\" \/><figcaption class=\"wp-element-caption\">Ewa Margareta Cyran, Klaus J\u00e4ckle und Dietmar Ungerank (v.l.n.r.) beim 14. Gitarrenhighlight in Hof (Foto: TKV Hochfranken)<\/figcaption><\/figure>\n\n\n\n<p>Am Sonntag, dem 30. M\u00e4rz 2025 lud <strong>Dietmar Ungerank<\/strong> zum <strong>14. Konzert<\/strong> der <strong>internationalen <\/strong>Konzertreihe &#8222;<strong>Gitarrenhighlights<\/strong>&#8220; ein, die seit 2023 an seiner Gitarrenschule &#8222;<strong>Freunde der Gitarre<\/strong>&#8220; in der <strong>Freikirche der Siebenten-Tags-Adventisten <\/strong>stattfindet. Im zweiten Konzert diesen Jahres war der nicht nur hierzulande bekannte Meistergittarist <strong>Klaus J\u00e4ckle<\/strong> aus Deutschland zu Gast. Er ist seit Jahrzehnten eine <strong>feste Gr\u00f6\u00dfe in der internationalen Musikwelt<\/strong> und spielte unter anderem unter <strong>Herbert von Karajan<\/strong> f\u00fcr die Prinzessin von Tonga in der <strong>Berliner Philharmonie<\/strong>.<\/p>\n\n\n\n<figure class=\"wp-block-image size-large\"><img decoding=\"async\" width=\"835\" height=\"1024\" src=\"https:\/\/tkv-hochfranken.de\/wp-content\/uploads\/2025\/03\/08-835x1024.jpg\" alt=\"\" class=\"wp-image-3269\" srcset=\"https:\/\/tkv-hochfranken.de\/wp-content\/uploads\/2025\/03\/08-835x1024.jpg 835w, https:\/\/tkv-hochfranken.de\/wp-content\/uploads\/2025\/03\/08-245x300.jpg 245w, https:\/\/tkv-hochfranken.de\/wp-content\/uploads\/2025\/03\/08-768x942.jpg 768w, https:\/\/tkv-hochfranken.de\/wp-content\/uploads\/2025\/03\/08-1252x1536.jpg 1252w, https:\/\/tkv-hochfranken.de\/wp-content\/uploads\/2025\/03\/08-1669x2048.jpg 1669w\" sizes=\"(max-width: 835px) 100vw, 835px\" \/><figcaption class=\"wp-element-caption\">Bilder eines Konzertes mit vielen bleibenden Momenten (Fotos: TKV Hochfranken)<\/figcaption><\/figure>\n\n\n\n<p>17:00 Uhr begann ein Konzert voller Poesie und Leidenschaft: Werke von Domenico Scarlatti, Heitor Villa-Lobos, Dietmar Ungerank, Astor Piazolla und <strong>J\u00e4ckle<\/strong> selbst standen auf dem Programm. Dabei zauberte der musikalische Gast Kl\u00e4nge aus seiner Gitarre, die eine beindruckende Stille im zahlreichen Publikum verursachten. Mit Piani voller Sch\u00f6nheit und vielstimmigen Passagen voller Virtuosit\u00e4t wusste der Stargittarist zu begeistern. <strong>Eigene Arrangements<\/strong> der mitgebrachten Literatur unterstrichen dabei geschickt sein K\u00f6nnen. Unterhaltsam f\u00fchrte <strong>J\u00e4ckle<\/strong> dabei durch sein sehr <strong>pers\u00f6nliches Programm<\/strong>, das mit s\u00fcdamerikanischen Kl\u00e4ngen und zwei Zugaben sein fulminantes Ende fand. Vielen Dank dem K\u00fcnstler und den Organisatoren f\u00fcr diesen wunderbaren Sonntagnachmittag.<\/p>\n\n\n\n<figure class=\"wp-block-image size-large\"><img decoding=\"async\" width=\"1024\" height=\"696\" src=\"https:\/\/tkv-hochfranken.de\/wp-content\/uploads\/2025\/03\/01-1024x696.jpg\" alt=\"\" class=\"wp-image-3266\" srcset=\"https:\/\/tkv-hochfranken.de\/wp-content\/uploads\/2025\/03\/01-1024x696.jpg 1024w, https:\/\/tkv-hochfranken.de\/wp-content\/uploads\/2025\/03\/01-300x204.jpg 300w, https:\/\/tkv-hochfranken.de\/wp-content\/uploads\/2025\/03\/01-768x522.jpg 768w, https:\/\/tkv-hochfranken.de\/wp-content\/uploads\/2025\/03\/01-1536x1043.jpg 1536w, https:\/\/tkv-hochfranken.de\/wp-content\/uploads\/2025\/03\/01-2048x1391.jpg 2048w\" sizes=\"(max-width: 1024px) 100vw, 1024px\" \/><figcaption class=\"wp-element-caption\">Aufmerksame Stille selbst beim Einstimmen der Gitarre&#8230; (Foto: TKV Hochfranken)<\/figcaption><\/figure>\n\n\n\n<p>Der n\u00e4chste Weltstar ist bereits in Aussicht: Am <strong>Sonntag<\/strong>, dem <strong>11. Mai 2025<\/strong> um <strong>17:00Uhr<\/strong> kommt <strong>Alvaro Pierri<\/strong> aus Uruguay! Der Eintritt kostet wieder 15,-Euro (erm\u00e4\u00dfigt 10,-Euro) und der Konzertort ist wie immer die <strong>Freikirche der Siebenten-Tags-Adventisten<\/strong> (Lessingstra\u00dfe 30) in 95028 Hof. Herzliche Einladung!<\/p>\n\n\n\n<figure class=\"wp-block-image size-large\"><img loading=\"lazy\" decoding=\"async\" width=\"1024\" height=\"706\" src=\"https:\/\/tkv-hochfranken.de\/wp-content\/uploads\/2025\/03\/05-1-1024x706.jpg\" alt=\"\" class=\"wp-image-3267\" srcset=\"https:\/\/tkv-hochfranken.de\/wp-content\/uploads\/2025\/03\/05-1-1024x706.jpg 1024w, https:\/\/tkv-hochfranken.de\/wp-content\/uploads\/2025\/03\/05-1-300x207.jpg 300w, https:\/\/tkv-hochfranken.de\/wp-content\/uploads\/2025\/03\/05-1-768x530.jpg 768w, https:\/\/tkv-hochfranken.de\/wp-content\/uploads\/2025\/03\/05-1-1536x1059.jpg 1536w, https:\/\/tkv-hochfranken.de\/wp-content\/uploads\/2025\/03\/05-1-2048x1412.jpg 2048w\" sizes=\"(max-width: 1024px) 100vw, 1024px\" \/><figcaption class=\"wp-element-caption\">Klaus J\u00e4ckle erkl\u00e4rt kurz und unterhaltsam sein pers\u00f6nliches Programm (Foto: TKV Hochfranken)<\/figcaption><\/figure>\n<h3>Related Images:<\/h3>","protected":false},"excerpt":{"rendered":"<p>Ewa Margareta Cyran, Klaus J\u00e4ckle und Dietmar Ungerank (v.l.n.r.) beim 14. Gitarrenhighlight in Hof (Foto: TKV Hochfranken) Am Sonntag, dem 30. M\u00e4rz 2025 lud Dietmar Ungerank zum 14. Konzert der internationalen Konzertreihe &#8222;Gitarrenhighlights&#8220; ein, die seit 2023 an seiner Gitarrenschule &#8222;Freunde der Gitarre&#8220; in der Freikirche der Siebenten-Tags-Adventisten stattfindet. Im zweiten Konzert diesen Jahres war&#8230; <\/p>\n<div class=\"read-more navbutton\"><a href=\"https:\/\/tkv-hochfranken.de\/index.php\/2025\/03\/30\/wunderbarer-sonntagnachmittag-mit-dem-gitarristen-klaus-jaeckle\/\">Read More<i class=\"fa fa-angle-double-right\"><\/i><\/a><\/div>\n","protected":false},"author":1,"featured_media":0,"comment_status":"closed","ping_status":"","sticky":false,"template":"","format":"standard","meta":{"ngg_post_thumbnail":0,"footnotes":""},"categories":[1],"tags":[],"class_list":["post-3276","post","type-post","status-publish","format-standard","hentry","category-allgemein"],"_links":{"self":[{"href":"https:\/\/tkv-hochfranken.de\/index.php\/wp-json\/wp\/v2\/posts\/3276","targetHints":{"allow":["GET"]}}],"collection":[{"href":"https:\/\/tkv-hochfranken.de\/index.php\/wp-json\/wp\/v2\/posts"}],"about":[{"href":"https:\/\/tkv-hochfranken.de\/index.php\/wp-json\/wp\/v2\/types\/post"}],"author":[{"embeddable":true,"href":"https:\/\/tkv-hochfranken.de\/index.php\/wp-json\/wp\/v2\/users\/1"}],"replies":[{"embeddable":true,"href":"https:\/\/tkv-hochfranken.de\/index.php\/wp-json\/wp\/v2\/comments?post=3276"}],"version-history":[{"count":1,"href":"https:\/\/tkv-hochfranken.de\/index.php\/wp-json\/wp\/v2\/posts\/3276\/revisions"}],"predecessor-version":[{"id":3277,"href":"https:\/\/tkv-hochfranken.de\/index.php\/wp-json\/wp\/v2\/posts\/3276\/revisions\/3277"}],"wp:attachment":[{"href":"https:\/\/tkv-hochfranken.de\/index.php\/wp-json\/wp\/v2\/media?parent=3276"}],"wp:term":[{"taxonomy":"category","embeddable":true,"href":"https:\/\/tkv-hochfranken.de\/index.php\/wp-json\/wp\/v2\/categories?post=3276"},{"taxonomy":"post_tag","embeddable":true,"href":"https:\/\/tkv-hochfranken.de\/index.php\/wp-json\/wp\/v2\/tags?post=3276"}],"curies":[{"name":"wp","href":"https:\/\/api.w.org\/{rel}","templated":true}]}}