{"id":3293,"date":"2025-04-01T23:00:20","date_gmt":"2025-04-01T21:00:20","guid":{"rendered":"https:\/\/tkv-hochfranken.de\/?p=3293"},"modified":"2025-04-01T23:25:57","modified_gmt":"2025-04-01T21:25:57","slug":"konzert-der-big-bands-die-hof-jazz-nights-hinterlassen-auch-paedagogische-spuren","status":"publish","type":"post","link":"https:\/\/tkv-hochfranken.de\/index.php\/2025\/04\/01\/konzert-der-big-bands-die-hof-jazz-nights-hinterlassen-auch-paedagogische-spuren\/","title":{"rendered":"Konzert der Big Bands &#8211; Die Hof Jazz Nights hinterlassen auch p\u00e4dagogische Spuren"},"content":{"rendered":"\n<figure class=\"wp-block-image size-large\"><img fetchpriority=\"high\" decoding=\"async\" width=\"819\" height=\"1024\" src=\"https:\/\/tkv-hochfranken.de\/wp-content\/uploads\/2025\/03\/4-819x1024.jpg\" alt=\"\" class=\"wp-image-3249\" srcset=\"https:\/\/tkv-hochfranken.de\/wp-content\/uploads\/2025\/03\/4-819x1024.jpg 819w, https:\/\/tkv-hochfranken.de\/wp-content\/uploads\/2025\/03\/4-240x300.jpg 240w, https:\/\/tkv-hochfranken.de\/wp-content\/uploads\/2025\/03\/4-768x960.jpg 768w, https:\/\/tkv-hochfranken.de\/wp-content\/uploads\/2025\/03\/4-1229x1536.jpg 1229w, https:\/\/tkv-hochfranken.de\/wp-content\/uploads\/2025\/03\/4-1638x2048.jpg 1638w, https:\/\/tkv-hochfranken.de\/wp-content\/uploads\/2025\/03\/4-scaled.jpg 2048w\" sizes=\"(max-width: 819px) 100vw, 819px\" \/><\/figure>\n\n\n\n<p>Dank der gro\u00dfz\u00fcgigen Unterst\u00fctzung der <strong>Dr. Hans Viessmann Stiftung<\/strong> und der <strong>Hermann-und-Bertl-M\u00fcller-Stiftung<\/strong> sowie der Zusammenarbeit mit <strong>Jean-Paul-Gymnasium<\/strong>, dem <strong>Johann-Christian-Reinhart-Gymnasium<\/strong>, der <strong>Musikschule der Hofer Symphoniker<\/strong> und dem <strong>Central-Kino Hof <\/strong>findet ein exklusiver <strong>Jazz-Workshop<\/strong> f\u00fcr Sch\u00fclerinnen und Sch\u00fcler (Big-Band-Mitglieder) statt. Unter der Leitung <strong>renommierter Jazzmusiker<\/strong> tauchen die Teilnehmer tief in die Geheimnisse der Jazz- und Popularmusik ein. &nbsp;Das <strong>Abschlusskonzert <\/strong>der<strong> Jazz-Workshops <\/strong>&amp; damit das<strong> Big Band-Special<\/strong> folgt am Samstag, dem <strong>5. April <\/strong>um <strong>18:00 Uhr<\/strong> in der <strong>Aula<\/strong> des <strong>Johann-Christian-Reinhart-Gymnasiums<\/strong> (Max-Reger-Stra\u00dfe 71) in 95030 Hof. Nach zwei intensiven Tagen <strong>Jazz-Workshop<\/strong> pr\u00e4sentieren die teilnehmenden <strong>Big-Bands<\/strong> im <strong>Johann-Christian-Reinhart-Gymnasium<\/strong> ihr erarbeitetes Programm <strong>gemeinsam<\/strong> mit ihren <strong>Dozenten<\/strong>! Den kr\u00f6nenden Abschluss bildet ein Gastauftritt der <strong>Big Band der Hochschule f\u00fcr Musik N\u00fcrnberg<\/strong> unter der Leitung von <strong>Prof. J\u00fcrgen Neudert<\/strong>. &nbsp;Der Eintritt kostet nur 5,-Euro &#8211; Herzliche Einladung!<\/p>\n\n\n\n<hr class=\"wp-block-separator has-alpha-channel-opacity\"\/>\n\n\n\n<p><a href=\"http:\/\/www.hofjazznights.de\">www.hofjazznights.de<\/a><\/p>\n\n\n\n<p><strong>KARTEN RESERVIERUNG:<\/strong><br><a href=\"https:\/\/www.hofjazznights.de\/karten2025\">https:\/\/www.hofjazznights.de\/karten2025<\/a><\/p>\n\n\n\n<p><strong>KOMPLETTE PROGRAMMBESCHREIBUNG&nbsp;ONLINE:<\/strong><br><a href=\"https:\/\/www.hofjazznights.de\/programm2025\">https:\/\/www.hofjazznights.de\/programm2025<\/a><\/p>\n\n\n\n<p><\/p>\n<h3>Related Images:<\/h3>","protected":false},"excerpt":{"rendered":"<p>Dank der gro\u00dfz\u00fcgigen Unterst\u00fctzung der Dr. Hans Viessmann Stiftung und der Hermann-und-Bertl-M\u00fcller-Stiftung sowie der Zusammenarbeit mit Jean-Paul-Gymnasium, dem Johann-Christian-Reinhart-Gymnasium, der Musikschule der Hofer Symphoniker und dem Central-Kino Hof findet ein exklusiver Jazz-Workshop f\u00fcr Sch\u00fclerinnen und Sch\u00fcler (Big-Band-Mitglieder) statt. Unter der Leitung renommierter Jazzmusiker tauchen die Teilnehmer tief in die Geheimnisse der Jazz- und Popularmusik ein&#8230;. <\/p>\n<div class=\"read-more navbutton\"><a href=\"https:\/\/tkv-hochfranken.de\/index.php\/2025\/04\/01\/konzert-der-big-bands-die-hof-jazz-nights-hinterlassen-auch-paedagogische-spuren\/\">Read More<i class=\"fa fa-angle-double-right\"><\/i><\/a><\/div>\n","protected":false},"author":1,"featured_media":0,"comment_status":"closed","ping_status":"","sticky":false,"template":"","format":"standard","meta":{"ngg_post_thumbnail":0,"footnotes":""},"categories":[1],"tags":[],"class_list":["post-3293","post","type-post","status-publish","format-standard","hentry","category-allgemein"],"_links":{"self":[{"href":"https:\/\/tkv-hochfranken.de\/index.php\/wp-json\/wp\/v2\/posts\/3293","targetHints":{"allow":["GET"]}}],"collection":[{"href":"https:\/\/tkv-hochfranken.de\/index.php\/wp-json\/wp\/v2\/posts"}],"about":[{"href":"https:\/\/tkv-hochfranken.de\/index.php\/wp-json\/wp\/v2\/types\/post"}],"author":[{"embeddable":true,"href":"https:\/\/tkv-hochfranken.de\/index.php\/wp-json\/wp\/v2\/users\/1"}],"replies":[{"embeddable":true,"href":"https:\/\/tkv-hochfranken.de\/index.php\/wp-json\/wp\/v2\/comments?post=3293"}],"version-history":[{"count":2,"href":"https:\/\/tkv-hochfranken.de\/index.php\/wp-json\/wp\/v2\/posts\/3293\/revisions"}],"predecessor-version":[{"id":3308,"href":"https:\/\/tkv-hochfranken.de\/index.php\/wp-json\/wp\/v2\/posts\/3293\/revisions\/3308"}],"wp:attachment":[{"href":"https:\/\/tkv-hochfranken.de\/index.php\/wp-json\/wp\/v2\/media?parent=3293"}],"wp:term":[{"taxonomy":"category","embeddable":true,"href":"https:\/\/tkv-hochfranken.de\/index.php\/wp-json\/wp\/v2\/categories?post=3293"},{"taxonomy":"post_tag","embeddable":true,"href":"https:\/\/tkv-hochfranken.de\/index.php\/wp-json\/wp\/v2\/tags?post=3293"}],"curies":[{"name":"wp","href":"https:\/\/api.w.org\/{rel}","templated":true}]}}