{"id":4019,"date":"2026-01-06T12:36:28","date_gmt":"2026-01-06T11:36:28","guid":{"rendered":"https:\/\/tkv-hochfranken.de\/?p=4019"},"modified":"2026-01-06T12:58:17","modified_gmt":"2026-01-06T11:58:17","slug":"grosse-urauffuehrung-wolfram-grafs-beim-jubilaeumskonzert-der-hofer-symphoniker","status":"publish","type":"post","link":"https:\/\/tkv-hochfranken.de\/index.php\/2026\/01\/06\/grosse-urauffuehrung-wolfram-grafs-beim-jubilaeumskonzert-der-hofer-symphoniker\/","title":{"rendered":"Gro\u00dfe Urauff\u00fchrung Wolfram Grafs beim Jubil\u00e4umskonzert der Hofer Symphoniker"},"content":{"rendered":"\n<figure class=\"wp-block-image size-large\"><img fetchpriority=\"high\" decoding=\"async\" width=\"1024\" height=\"761\" src=\"https:\/\/tkv-hochfranken.de\/wp-content\/uploads\/2026\/01\/IMG_3358a-1024x761.jpg\" alt=\"\" class=\"wp-image-4018\" srcset=\"https:\/\/tkv-hochfranken.de\/wp-content\/uploads\/2026\/01\/IMG_3358a-1024x761.jpg 1024w, https:\/\/tkv-hochfranken.de\/wp-content\/uploads\/2026\/01\/IMG_3358a-300x223.jpg 300w, https:\/\/tkv-hochfranken.de\/wp-content\/uploads\/2026\/01\/IMG_3358a-768x571.jpg 768w, https:\/\/tkv-hochfranken.de\/wp-content\/uploads\/2026\/01\/IMG_3358a-1536x1142.jpg 1536w, https:\/\/tkv-hochfranken.de\/wp-content\/uploads\/2026\/01\/IMG_3358a-2048x1522.jpg 2048w\" sizes=\"(max-width: 1024px) 100vw, 1024px\" \/><figcaption class=\"wp-element-caption\">Dr. Wolfram Graf gibt Einblicke in sein Schaffen (Foto: TKV Hochfranken)<\/figcaption><\/figure>\n\n\n\n<p>Am <strong>05. Dezember<\/strong> 2025 luden die <strong>Hofer Symphoniker<\/strong> zum <strong>Festkonzert<\/strong>! Unter der Leitung von <strong>Chefdirigent Martijn Dendievel<\/strong> feierte das Orchester seinen <strong>80j\u00e4hrigen Geburtstag<\/strong> und es erklangen Werke von <strong>Peggy Glanville-Hicks<\/strong>, <strong>Ludwig van Beethoven<\/strong> und dem <strong>TKV-Mitglied Dr. Wolfram Graf<\/strong>! Auch dabei war der Starbratscher <strong>Nils M\u00f6nkemeyer<\/strong>. In einer <strong>Konzerteinf\u00fchrung<\/strong> um 18:30 Uhr im oberen Festsaalfoyer&nbsp;erhielten die Zuschauer von <strong>Susanne Bieler<\/strong> und <strong>Dr. Wolfram Graf<\/strong> interessante Einblicke in das Konzertprogramm, denn f\u00fcr dieses Festkonzert hatten die <strong>Hofer Symphoniker<\/strong> eine Komposition von <strong>Graf<\/strong> in Auftrag gegeben. Der \u201e<strong>Hymnus<\/strong>\u201c, der an diesem Abend <strong>uraufgef\u00fchrt<\/strong> wurde, hat &#8211; so die <strong>Hofer Symphoniker<\/strong> &#8211; \u201e\u2026festlichen Charakter und verarbeitet die Tonbuchstaben H (f\u00fcr H-ofer) und Es (S-ymphoniker) in einem signalartigen Motiv.\u201c Wir freuten uns sehr \u00fcber die gro\u00dfe, gegenseitige Ehrung von Orchester und Komponist. <\/p>\n\n\n\n<figure class=\"wp-block-image size-large\"><img decoding=\"async\" width=\"1024\" height=\"614\" src=\"https:\/\/tkv-hochfranken.de\/wp-content\/uploads\/2025\/11\/nils-1024x614.jpg\" alt=\"\" class=\"wp-image-3827\" srcset=\"https:\/\/tkv-hochfranken.de\/wp-content\/uploads\/2025\/11\/nils-1024x614.jpg 1024w, https:\/\/tkv-hochfranken.de\/wp-content\/uploads\/2025\/11\/nils-300x180.jpg 300w, https:\/\/tkv-hochfranken.de\/wp-content\/uploads\/2025\/11\/nils-768x461.jpg 768w, https:\/\/tkv-hochfranken.de\/wp-content\/uploads\/2025\/11\/nils.jpg 1160w\" sizes=\"(max-width: 1024px) 100vw, 1024px\" \/><figcaption class=\"wp-element-caption\">Werbebanner des Festkonzertes mit Starbratscher Nils M\u00f6nkemeyer (\u00d6ffentlichkeitsarbeit Hofer Symphoniker)<\/figcaption><\/figure>\n\n\n\n<p><strong>19:30 Uhr<\/strong> startete dann im <strong>Festsaal der Freiheitshalle Hof<\/strong> (mit der Urauff\u00fchrung zu Beginn) das Konzert. Das Werk hei\u00dft genau &#8222;<strong>Hymnus, Festmusik zum 80-j\u00e4hrigen Jubil\u00e4um der Hofer Symphoniker<\/strong>&#8220; und wurde sehr begeistert vom Publikum aufgenommen! Im Anschluss gab es eine weitere Gespr\u00e4chsrunde, in welcher nun die <strong>Intendantin<\/strong> der <strong>Hofer Symphoniker Cora Bethke<\/strong> und der <strong>Chefdirigent Martijn Dendievel<\/strong> zusammen mit <strong>Dr. Wolfram Graf<\/strong> \u00fcber Entstehung und Auff\u00fchrung des Werkes berichteten. <\/p>\n\n\n\n<figure class=\"wp-block-image size-large\"><img decoding=\"async\" width=\"1024\" height=\"675\" src=\"https:\/\/tkv-hochfranken.de\/wp-content\/uploads\/2026\/01\/IMG_3366a-1024x675.jpg\" alt=\"\" class=\"wp-image-4023\" srcset=\"https:\/\/tkv-hochfranken.de\/wp-content\/uploads\/2026\/01\/IMG_3366a-1024x675.jpg 1024w, https:\/\/tkv-hochfranken.de\/wp-content\/uploads\/2026\/01\/IMG_3366a-300x198.jpg 300w, https:\/\/tkv-hochfranken.de\/wp-content\/uploads\/2026\/01\/IMG_3366a-768x507.jpg 768w, https:\/\/tkv-hochfranken.de\/wp-content\/uploads\/2026\/01\/IMG_3366a-1536x1013.jpg 1536w, https:\/\/tkv-hochfranken.de\/wp-content\/uploads\/2026\/01\/IMG_3366a-2048x1351.jpg 2048w\" sizes=\"(max-width: 1024px) 100vw, 1024px\" \/><figcaption class=\"wp-element-caption\">Kurz vor Konzertbeginn in der Freiheitshalle (Foto: TKV Hochfranken)<\/figcaption><\/figure>\n\n\n\n<p>Wir m\u00f6chten dem <strong>Orchester<\/strong> sowie dem <strong>ganzen Betrieb <\/strong>der <strong>Hofer Symphoniker<\/strong> zum <strong>80j\u00e4hrigen Geburtstag<\/strong> ganz herzlich gratulieren und unserem <strong>TKV-Vorstandsmitglied<\/strong> und <strong>regionalem Komponisten<\/strong> <strong>Dr. Wolfram Graf<\/strong> zu seiner <strong>Komposition<\/strong> an diesem besonderen Anlass. Herzlichen Gl\u00fcckwunsch und Alles Gute!<\/p>\n\n\n\n<figure class=\"wp-block-image size-large\"><img loading=\"lazy\" decoding=\"async\" width=\"1024\" height=\"441\" src=\"https:\/\/tkv-hochfranken.de\/wp-content\/uploads\/2026\/01\/3357a-1024x441.jpg\" alt=\"\" class=\"wp-image-4026\" srcset=\"https:\/\/tkv-hochfranken.de\/wp-content\/uploads\/2026\/01\/3357a-1024x441.jpg 1024w, https:\/\/tkv-hochfranken.de\/wp-content\/uploads\/2026\/01\/3357a-300x129.jpg 300w, https:\/\/tkv-hochfranken.de\/wp-content\/uploads\/2026\/01\/3357a-768x331.jpg 768w, https:\/\/tkv-hochfranken.de\/wp-content\/uploads\/2026\/01\/3357a-1536x661.jpg 1536w, https:\/\/tkv-hochfranken.de\/wp-content\/uploads\/2026\/01\/3357a-2048x882.jpg 2048w\" sizes=\"(max-width: 1024px) 100vw, 1024px\" \/><figcaption class=\"wp-element-caption\">Chefdirigent Martijn Dendievel (links) und Intendantin Cora Bethke (MItte) von den Hofer Symphonikern beim Nachgesp\u00e4ch mit Dr. Wolfram Graf (rechts) in der Freiheitshalle Hof (Foto: TKV Hochfranken)<\/figcaption><\/figure>\n<h3>Related Images:<\/h3>","protected":false},"excerpt":{"rendered":"<p>Dr. Wolfram Graf gibt Einblicke in sein Schaffen (Foto: TKV Hochfranken) Am 05. Dezember 2025 luden die Hofer Symphoniker zum Festkonzert! Unter der Leitung von Chefdirigent Martijn Dendievel feierte das Orchester seinen 80j\u00e4hrigen Geburtstag und es erklangen Werke von Peggy Glanville-Hicks, Ludwig van Beethoven und dem TKV-Mitglied Dr. Wolfram Graf! Auch dabei war der Starbratscher&#8230; <\/p>\n<div class=\"read-more navbutton\"><a href=\"https:\/\/tkv-hochfranken.de\/index.php\/2026\/01\/06\/grosse-urauffuehrung-wolfram-grafs-beim-jubilaeumskonzert-der-hofer-symphoniker\/\">Read More<i class=\"fa fa-angle-double-right\"><\/i><\/a><\/div>\n","protected":false},"author":1,"featured_media":0,"comment_status":"closed","ping_status":"","sticky":false,"template":"","format":"standard","meta":{"ngg_post_thumbnail":0,"footnotes":""},"categories":[1],"tags":[],"class_list":["post-4019","post","type-post","status-publish","format-standard","hentry","category-allgemein"],"_links":{"self":[{"href":"https:\/\/tkv-hochfranken.de\/index.php\/wp-json\/wp\/v2\/posts\/4019","targetHints":{"allow":["GET"]}}],"collection":[{"href":"https:\/\/tkv-hochfranken.de\/index.php\/wp-json\/wp\/v2\/posts"}],"about":[{"href":"https:\/\/tkv-hochfranken.de\/index.php\/wp-json\/wp\/v2\/types\/post"}],"author":[{"embeddable":true,"href":"https:\/\/tkv-hochfranken.de\/index.php\/wp-json\/wp\/v2\/users\/1"}],"replies":[{"embeddable":true,"href":"https:\/\/tkv-hochfranken.de\/index.php\/wp-json\/wp\/v2\/comments?post=4019"}],"version-history":[{"count":4,"href":"https:\/\/tkv-hochfranken.de\/index.php\/wp-json\/wp\/v2\/posts\/4019\/revisions"}],"predecessor-version":[{"id":4028,"href":"https:\/\/tkv-hochfranken.de\/index.php\/wp-json\/wp\/v2\/posts\/4019\/revisions\/4028"}],"wp:attachment":[{"href":"https:\/\/tkv-hochfranken.de\/index.php\/wp-json\/wp\/v2\/media?parent=4019"}],"wp:term":[{"taxonomy":"category","embeddable":true,"href":"https:\/\/tkv-hochfranken.de\/index.php\/wp-json\/wp\/v2\/categories?post=4019"},{"taxonomy":"post_tag","embeddable":true,"href":"https:\/\/tkv-hochfranken.de\/index.php\/wp-json\/wp\/v2\/tags?post=4019"}],"curies":[{"name":"wp","href":"https:\/\/api.w.org\/{rel}","templated":true}]}}